{"id":89593,"date":"2025-08-01T05:53:44","date_gmt":"2025-08-01T11:53:44","guid":{"rendered":"https:\/\/elinformante.mx\/?p=89593"},"modified":"2025-08-01T05:53:48","modified_gmt":"2025-08-01T11:53:48","slug":"san-luis-mextepec-alista-12a-edicion-de-la-feria-del-marisco","status":"publish","type":"post","link":"https:\/\/elinformante.mx\/?p=89593","title":{"rendered":"San Luis Mextepec alista 12\u00aa Edici\u00f3n de la Feria del Marisco"},"content":{"rendered":"\n<figure class=\"wp-block-pullquote\"><blockquote><p>Han se\u00f1alado que en cuanto a los precios de los productos ir\u00e1n de los 50 a los 350 pesos, pero todo depender\u00e1 del lugar al que se acuda.<\/p><\/blockquote><\/figure>\n\n\n\n<p class=\"has-drop-cap\">Con una participaci\u00f3n de 80 negocios del ramo, esta edici\u00f3n se llevar\u00e1 a cabo del 22 al 24 de agosto. Se tiene contemplado instalar un pabell\u00f3n en la cabecera municipal, en donde se colocar\u00e1 el tradicional corredor gastron\u00f3mico, este se colocar\u00e1 sobre la calle de Javier Mina.<br><\/p>\n\n\n\n<p>De acuerdo a la informaci\u00f3n, sumando a la participaci\u00f3n de los comerciantes de mariscos y pescados, se ha contemplado un programa con eventos art\u00edsticos y culturales; adem\u00e1s se tendr\u00e1 una exposici\u00f3n con diferentes artesan\u00edas de la regi\u00f3n, que podr\u00e1n adquirir los visitantes.<br><\/p>\n\n\n\n<p>Este evento celebrado anualmente, ofrece una gran variedad de platillos hechos con mariscos frescos, adem\u00e1s de artesan\u00edas, postres, tambi\u00e9n se tendr\u00e1n actividades familiares, como juegos mec\u00e1nicos y presentaciones musicales. Se espera que empresarios que integran el corredor gastron\u00f3mico ofrezcan degustaciones gratis, as\u00ed como productos al 2&#215;1, descuentos en algunos platillos y otorguen cupones para cambiarlos ese fin de semana o despu\u00e9s de la feria como lo han venido haciendo en anteriores ediciones.<br><\/p>\n\n\n\n<figure class=\"wp-block-image size-large\"><img fetchpriority=\"high\" decoding=\"async\" width=\"1024\" height=\"506\" src=\"https:\/\/elinformante.mx\/wp-content\/uploads\/2025\/08\/12zina-2-1024x506.jpg\" alt=\"\" class=\"wp-image-89595\" srcset=\"https:\/\/elinformante.mx\/wp-content\/uploads\/2025\/08\/12zina-2-1024x506.jpg 1024w, https:\/\/elinformante.mx\/wp-content\/uploads\/2025\/08\/12zina-2-300x148.jpg 300w, https:\/\/elinformante.mx\/wp-content\/uploads\/2025\/08\/12zina-2-768x379.jpg 768w, https:\/\/elinformante.mx\/wp-content\/uploads\/2025\/08\/12zina-2.jpg 1140w\" sizes=\"(max-width: 1024px) 100vw, 1024px\" \/><\/figure>\n\n\n\n<p>Las autoridades tambi\u00e9n est\u00e1n buscando realizar el evento \u201cRey de la empanada\u201d, concurso que consiste en preparar este producto en nueve segundos, as\u00ed como el evento de Saz\u00f3n del Mar o Guerra de Chef, en la que participan cocineros de los restaurantes del lugar, estudiantes de gastronom\u00eda y chefs profesionales.<br><\/p>\n\n\n\n<p>Han se\u00f1alado que en cuanto a los precios de los productos ir\u00e1n de los 50 a los 350 pesos, pero todo depender\u00e1 del lugar al que se acuda, al igual que el platillo que se elija: C\u00f3ctel de camarones, empanadas, ceviche o una mojarra al mojo de ajo, entre otros.<br><\/p>\n\n\n\n<p>Asimismo, las autoridades garantizar\u00e1n seguridad durante esta feria, con el prop\u00f3sito de que las familias que se den cita no enfrenten mayores contratiempos durante su visita a esta zona del valle de Toluca.<br><\/p>\n\n\n\n<p>Los comerciantes de mariscos y pescados de San Luis Mextepec conf\u00edan en que, como cada a\u00f1o, se tenga una importante afluencia de personas, con lo cual ayudar\u00e1n a reactivar la econom\u00eda del lugar.<\/p>\n","protected":false},"excerpt":{"rendered":"<p>Han se\u00f1alado que en cuanto a los precios de los productos ir\u00e1n de los 50 a los 350 pesos, pero todo depender\u00e1 del lugar al que se acuda. Con una participaci\u00f3n de 80 negocios del ramo, esta edici\u00f3n se llevar\u00e1 a cabo del 22 al 24 de agosto. Se tiene contemplado instalar un pabell\u00f3n en [&hellip;]<\/p>\n","protected":false},"author":1,"featured_media":89594,"comment_status":"closed","ping_status":"closed","sticky":false,"template":"","format":"standard","meta":{"footnotes":""},"categories":[30,36],"tags":[],"class_list":["post-89593","post","type-post","status-publish","format-standard","has-post-thumbnail","hentry","category-destacado","category-edomex"],"_links":{"self":[{"href":"https:\/\/elinformante.mx\/index.php?rest_route=\/wp\/v2\/posts\/89593","targetHints":{"allow":["GET"]}}],"collection":[{"href":"https:\/\/elinformante.mx\/index.php?rest_route=\/wp\/v2\/posts"}],"about":[{"href":"https:\/\/elinformante.mx\/index.php?rest_route=\/wp\/v2\/types\/post"}],"author":[{"embeddable":true,"href":"https:\/\/elinformante.mx\/index.php?rest_route=\/wp\/v2\/users\/1"}],"replies":[{"embeddable":true,"href":"https:\/\/elinformante.mx\/index.php?rest_route=%2Fwp%2Fv2%2Fcomments&post=89593"}],"version-history":[{"count":0,"href":"https:\/\/elinformante.mx\/index.php?rest_route=\/wp\/v2\/posts\/89593\/revisions"}],"wp:featuredmedia":[{"embeddable":true,"href":"https:\/\/elinformante.mx\/index.php?rest_route=\/wp\/v2\/media\/89594"}],"wp:attachment":[{"href":"https:\/\/elinformante.mx\/index.php?rest_route=%2Fwp%2Fv2%2Fmedia&parent=89593"}],"wp:term":[{"taxonomy":"category","embeddable":true,"href":"https:\/\/elinformante.mx\/index.php?rest_route=%2Fwp%2Fv2%2Fcategories&post=89593"},{"taxonomy":"post_tag","embeddable":true,"href":"https:\/\/elinformante.mx\/index.php?rest_route=%2Fwp%2Fv2%2Ftags&post=89593"}],"curies":[{"name":"wp","href":"https:\/\/api.w.org\/{rel}","templated":true}]}}