{"id":89597,"date":"2025-08-01T05:57:30","date_gmt":"2025-08-01T11:57:30","guid":{"rendered":"https:\/\/elinformante.mx\/?p=89597"},"modified":"2025-08-01T05:57:33","modified_gmt":"2025-08-01T11:57:33","slug":"la-paz-y-la-justicia-social-se-construyen-con-educacion-isaac-montoya","status":"publish","type":"post","link":"https:\/\/elinformante.mx\/?p=89597","title":{"rendered":"La paz y la justicia social se construyen con educaci\u00f3n: Isaac Montoya"},"content":{"rendered":"\n<figure class=\"wp-block-pullquote\"><blockquote><p>\u201cEstoy convencido de que la educaci\u00f3n es una herramienta eficaz para erradicar la violencia\u201d.<\/p><\/blockquote><\/figure>\n\n\n\n<p class=\"has-drop-cap\">En el municipio de Naucalpan, el presidente municipal Isaac Montoya M\u00e1rquez encabez\u00f3 la Mesa de Seguridad en el fraccionamiento Los Pastores, en donde reafirm\u00f3 que la paz y la justicia social se construyen con educaci\u00f3n.<br><\/p>\n\n\n\n<p>Se\u00f1al\u00f3 que como parte de las Jornadas por la Paz y de la Estrategia Nacional de Alfabetizaci\u00f3n, hoy se impulsar\u00e1 una jornada de acreditaci\u00f3n para que m\u00e1s personas concluyan su primaria o secundaria.<br><\/p>\n\n\n\n<figure class=\"wp-block-image size-large\"><img fetchpriority=\"high\" decoding=\"async\" width=\"1024\" height=\"506\" src=\"https:\/\/elinformante.mx\/wp-content\/uploads\/2025\/08\/11nauca-2-1024x506.jpg\" alt=\"\" class=\"wp-image-89599\" srcset=\"https:\/\/elinformante.mx\/wp-content\/uploads\/2025\/08\/11nauca-2-1024x506.jpg 1024w, https:\/\/elinformante.mx\/wp-content\/uploads\/2025\/08\/11nauca-2-300x148.jpg 300w, https:\/\/elinformante.mx\/wp-content\/uploads\/2025\/08\/11nauca-2-768x379.jpg 768w, https:\/\/elinformante.mx\/wp-content\/uploads\/2025\/08\/11nauca-2.jpg 1140w\" sizes=\"(max-width: 1024px) 100vw, 1024px\" \/><\/figure>\n\n\n\n<p>\u201cEstoy convencido de que la educaci\u00f3n es una herramienta eficaz para erradicar la violencia\u201d.<br><\/p>\n\n\n\n<p>Afirm\u00f3 que estos convenios se han podido realizar gracias al esfuerzo conjunto entre el Gobierno de M\u00e9xico, encabezado por nuestra presidenta Claudia Sheinbaum Pardo, la gobernadora del Estado de M\u00e9xico, Delfina G\u00f3mez \u00c1lvarez, la SEP, el INEA y la Fundaci\u00f3n Traxi\u00f3n, y con ellos acercar servicios de alfabetizaci\u00f3n; adem\u00e1s se entregar\u00e1n certificados de estudios de primaria y secundaria a personas que concluyeron su tr\u00e1mite.<\/p>\n","protected":false},"excerpt":{"rendered":"<p>\u201cEstoy convencido de que la educaci\u00f3n es una herramienta eficaz para erradicar la violencia\u201d. En el municipio de Naucalpan, el presidente municipal Isaac Montoya M\u00e1rquez encabez\u00f3 la Mesa de Seguridad en el fraccionamiento Los Pastores, en donde reafirm\u00f3 que la paz y la justicia social se construyen con educaci\u00f3n. Se\u00f1al\u00f3 que como parte de las [&hellip;]<\/p>\n","protected":false},"author":1,"featured_media":89598,"comment_status":"closed","ping_status":"closed","sticky":false,"template":"","format":"standard","meta":{"footnotes":""},"categories":[36],"tags":[],"class_list":["post-89597","post","type-post","status-publish","format-standard","has-post-thumbnail","hentry","category-edomex"],"_links":{"self":[{"href":"https:\/\/elinformante.mx\/index.php?rest_route=\/wp\/v2\/posts\/89597","targetHints":{"allow":["GET"]}}],"collection":[{"href":"https:\/\/elinformante.mx\/index.php?rest_route=\/wp\/v2\/posts"}],"about":[{"href":"https:\/\/elinformante.mx\/index.php?rest_route=\/wp\/v2\/types\/post"}],"author":[{"embeddable":true,"href":"https:\/\/elinformante.mx\/index.php?rest_route=\/wp\/v2\/users\/1"}],"replies":[{"embeddable":true,"href":"https:\/\/elinformante.mx\/index.php?rest_route=%2Fwp%2Fv2%2Fcomments&post=89597"}],"version-history":[{"count":0,"href":"https:\/\/elinformante.mx\/index.php?rest_route=\/wp\/v2\/posts\/89597\/revisions"}],"wp:featuredmedia":[{"embeddable":true,"href":"https:\/\/elinformante.mx\/index.php?rest_route=\/wp\/v2\/media\/89598"}],"wp:attachment":[{"href":"https:\/\/elinformante.mx\/index.php?rest_route=%2Fwp%2Fv2%2Fmedia&parent=89597"}],"wp:term":[{"taxonomy":"category","embeddable":true,"href":"https:\/\/elinformante.mx\/index.php?rest_route=%2Fwp%2Fv2%2Fcategories&post=89597"},{"taxonomy":"post_tag","embeddable":true,"href":"https:\/\/elinformante.mx\/index.php?rest_route=%2Fwp%2Fv2%2Ftags&post=89597"}],"curies":[{"name":"wp","href":"https:\/\/api.w.org\/{rel}","templated":true}]}}