{"id":89608,"date":"2025-08-01T06:12:01","date_gmt":"2025-08-01T12:12:01","guid":{"rendered":"https:\/\/elinformante.mx\/?p=89608"},"modified":"2025-08-01T06:12:03","modified_gmt":"2025-08-01T12:12:03","slug":"se-reune-rectora-patricia-zarza-con-el-eeu","status":"publish","type":"post","link":"https:\/\/elinformante.mx\/?p=89608","title":{"rendered":"Se re\u00fane rectora Patricia Zarza con el EEU"},"content":{"rendered":"\n<figure class=\"wp-block-pullquote\"><blockquote><p>Los estudiantes reiteraron que su objetivo es volver a clases, pero subrayaron que los paros continuar\u00e1n si no hay avances concretos.<\/p><\/blockquote><\/figure>\n\n\n\n<p class=\"has-drop-cap\">Durante su primer encuentro con el Enjambre Estudiantil Unificado (EEU), la rectora de la Universidad Aut\u00f3noma del Estado de M\u00e9xico (UAEM\u00e9x), Martha Patricia Zarza Delgado, sostuvo un di\u00e1logo de cerca de siete horas con estudiantes que mantienen tomadas 17 instalaciones universitarias.<br><\/p>\n\n\n\n<p>El resultado fue de cinco acuerdos iniciales en temas como represalias, recalendarizaci\u00f3n del semestre y destituciones de personal acad\u00e9mico.<br><\/p>\n\n\n\n<p>Uno de los puntos abordados con mayor \u00e9nfasis fue la exigencia de evitar represalias acad\u00e9micas y administrativas contra quienes integran el movimiento. La rectora acept\u00f3 recibir denuncias y pruebas de posibles casos y se comprometi\u00f3 a construir un plan institucional para prevenir y atender estas situaciones.<br><\/p>\n\n\n\n<p>Durante la reuni\u00f3n, el EEU entreg\u00f3 documentos que sustentan solicitudes de destituci\u00f3n de docentes, directivos y consejeros alumnos por presuntas faltas \u00e9ticas en facultades como Lenguas, Econom\u00eda, Contadur\u00eda y Administraci\u00f3n, Humanidades, Artes, y Arquitectura y Dise\u00f1o.<br><\/p>\n\n\n\n<p>La rectora Zarza Delgado indic\u00f3 que los casos ser\u00e1n revisados de forma individual, especialmente si se trata de cargos por elecci\u00f3n, lo que requerir\u00e1 evaluaci\u00f3n jur\u00eddica; se\u00f1al\u00f3 que, de comprobarse las responsabilidades, los implicados no ser\u00e1n reubicados.<br><\/p>\n\n\n\n<figure class=\"wp-block-image size-large\"><img fetchpriority=\"high\" decoding=\"async\" width=\"1024\" height=\"506\" src=\"https:\/\/elinformante.mx\/wp-content\/uploads\/2025\/08\/10uaemex-1024x506.jpg\" alt=\"\" class=\"wp-image-89610\" srcset=\"https:\/\/elinformante.mx\/wp-content\/uploads\/2025\/08\/10uaemex-1024x506.jpg 1024w, https:\/\/elinformante.mx\/wp-content\/uploads\/2025\/08\/10uaemex-300x148.jpg 300w, https:\/\/elinformante.mx\/wp-content\/uploads\/2025\/08\/10uaemex-768x379.jpg 768w, https:\/\/elinformante.mx\/wp-content\/uploads\/2025\/08\/10uaemex.jpg 1140w\" sizes=\"(max-width: 1024px) 100vw, 1024px\" \/><\/figure>\n\n\n\n<p>\u201cNo se permitir\u00e1 que ning\u00fan docente se reincorpore si se demuestra que tiene responsabilidades\u201d, afirm\u00f3.<br><\/p>\n\n\n\n<p>El inicio del semestre 2025-B, previsto para el 5 de agosto, fue tambi\u00e9n tema de la reuni\u00f3n. Los estudiantes solicitaron una pr\u00f3rroga de dos semanas y rechazaron que el regreso sea en l\u00ednea.<br><\/p>\n\n\n\n<p>Zarza Delgado respondi\u00f3 que la recalendarizaci\u00f3n es viable para los espacios en paro y que deber\u00e1 definirse en cada asamblea.<br><\/p>\n\n\n\n<p>Como quinto acuerdo, se estableci\u00f3 que se realizar\u00e1n tres mesas de trabajo semanales con la participaci\u00f3n directa de la rectora. El EEU dej\u00f3 claro que estas sesiones solo se considerar\u00e1n v\u00e1lidas si ella est\u00e1 presente.<br><\/p>\n\n\n\n<p>Los estudiantes reiteraron que su objetivo es volver a clases, pero subrayaron que los paros continuar\u00e1n si no hay avances concretos.<\/p>\n","protected":false},"excerpt":{"rendered":"<p>Los estudiantes reiteraron que su objetivo es volver a clases, pero subrayaron que los paros continuar\u00e1n si no hay avances concretos. Durante su primer encuentro con el Enjambre Estudiantil Unificado (EEU), la rectora de la Universidad Aut\u00f3noma del Estado de M\u00e9xico (UAEM\u00e9x), Martha Patricia Zarza Delgado, sostuvo un di\u00e1logo de cerca de siete horas con [&hellip;]<\/p>\n","protected":false},"author":1,"featured_media":89609,"comment_status":"closed","ping_status":"closed","sticky":false,"template":"","format":"standard","meta":{"footnotes":""},"categories":[30,36],"tags":[],"class_list":["post-89608","post","type-post","status-publish","format-standard","has-post-thumbnail","hentry","category-destacado","category-edomex"],"_links":{"self":[{"href":"https:\/\/elinformante.mx\/index.php?rest_route=\/wp\/v2\/posts\/89608","targetHints":{"allow":["GET"]}}],"collection":[{"href":"https:\/\/elinformante.mx\/index.php?rest_route=\/wp\/v2\/posts"}],"about":[{"href":"https:\/\/elinformante.mx\/index.php?rest_route=\/wp\/v2\/types\/post"}],"author":[{"embeddable":true,"href":"https:\/\/elinformante.mx\/index.php?rest_route=\/wp\/v2\/users\/1"}],"replies":[{"embeddable":true,"href":"https:\/\/elinformante.mx\/index.php?rest_route=%2Fwp%2Fv2%2Fcomments&post=89608"}],"version-history":[{"count":0,"href":"https:\/\/elinformante.mx\/index.php?rest_route=\/wp\/v2\/posts\/89608\/revisions"}],"wp:featuredmedia":[{"embeddable":true,"href":"https:\/\/elinformante.mx\/index.php?rest_route=\/wp\/v2\/media\/89609"}],"wp:attachment":[{"href":"https:\/\/elinformante.mx\/index.php?rest_route=%2Fwp%2Fv2%2Fmedia&parent=89608"}],"wp:term":[{"taxonomy":"category","embeddable":true,"href":"https:\/\/elinformante.mx\/index.php?rest_route=%2Fwp%2Fv2%2Fcategories&post=89608"},{"taxonomy":"post_tag","embeddable":true,"href":"https:\/\/elinformante.mx\/index.php?rest_route=%2Fwp%2Fv2%2Ftags&post=89608"}],"curies":[{"name":"wp","href":"https:\/\/api.w.org\/{rel}","templated":true}]}}