{"id":89615,"date":"2025-08-01T06:16:17","date_gmt":"2025-08-01T12:16:17","guid":{"rendered":"https:\/\/elinformante.mx\/?p=89615"},"modified":"2025-08-01T06:16:20","modified_gmt":"2025-08-01T12:16:20","slug":"anuncian-segunda-etapa-de-inscripcion-a-educacion-basica-en-edomex","status":"publish","type":"post","link":"https:\/\/elinformante.mx\/?p=89615","title":{"rendered":"Anuncian segunda etapa de inscripci\u00f3n a educaci\u00f3n b\u00e1sica en Edom\u00e9x"},"content":{"rendered":"\n<figure class=\"wp-block-pullquote\"><blockquote><p>-El tr\u00e1mite es gratuito y se podr\u00e1 realizar del 7 al 27 de agosto de 2025.<\/p><\/blockquote><\/figure>\n\n\n\n<p class=\"has-drop-cap\">El Gobierno del Estado de M\u00e9xico, a trav\u00e9s de la Secretar\u00eda de Educaci\u00f3n, Ciencia, Tecnolog\u00eda e Innovaci\u00f3n (SECTI), activar\u00e1 del 7 al 27 de agosto de 2025 la segunda fase del Sistema Anticipado de Inscripci\u00f3n y Distribuci\u00f3n (SAID), dirigida a aspirantes que no realizaron su preinscripci\u00f3n o requieren cambio de escuela.<br><\/p>\n\n\n\n<p>El tr\u00e1mite, que es gratuito, se podr\u00e1 realizar en el portal edomex.gob.mx desde las 9:00 horas del 7 de agosto. El sistema permanecer\u00e1 habilitado las 24 horas durante todo el periodo.<br><\/p>\n\n\n\n<p>Esta etapa est\u00e1 enfocada a quienes deseen ingresar a primero, segundo o tercer grado de preescolar; primero de primaria o primero de secundaria, y no cuenten con folio del SAID. Tambi\u00e9n aplica para cambios de escuela en grados intermedios, migraci\u00f3n de planteles particulares a p\u00fablicos o ingreso de estudiantes provenientes de otras entidades.<br><\/p>\n\n\n\n<p>Para completar el registro se requiere la CURP del aspirante, Clave del Centro de Trabajo (CCT) y nombre de la escuela deseada, as\u00ed como datos de contacto del padre, madre o tutor.<br><\/p>\n\n\n\n<p>Las dudas ser\u00e1n atendidas en el Centro de Atenci\u00f3n Telef\u00f3nica del Gobierno del Estado de M\u00e9xico (CATGEM) al 800 696 96 96, as\u00ed como en correos electr\u00f3nicos seg\u00fan el nivel y subsistema educativo correspondiente.<\/p>\n\n\n\n<h2 class=\"wp-block-heading\">Subsistema Educativo Estatal:<br><\/h2>\n\n\n\n<ul class=\"wp-block-list\">\n<li>Preescolar: said.preescolar@edugem.gob.mx<br><\/li>\n\n\n\n<li>Primaria: said.primaria@edugem.gob.mx<br><\/li>\n\n\n\n<li>Secundaria: said.secundaria@edugem.gob.mx<\/li>\n<\/ul>\n\n\n\n<h2 class=\"wp-block-heading\">Subsistema Educativo Federalizado:<br><\/h2>\n\n\n\n<ul class=\"wp-block-list\">\n<li>Preescolar: said.preescolar@dee.edu.mx<br><\/li>\n\n\n\n<li>Primaria: said.primaria@dee.edu.mx<br><\/li>\n\n\n\n<li>Secundaria: said.secundaria@seiem.gob.mx<\/li>\n<\/ul>\n","protected":false},"excerpt":{"rendered":"<p>-El tr\u00e1mite es gratuito y se podr\u00e1 realizar del 7 al 27 de agosto de 2025. El Gobierno del Estado de M\u00e9xico, a trav\u00e9s de la Secretar\u00eda de Educaci\u00f3n, Ciencia, Tecnolog\u00eda e Innovaci\u00f3n (SECTI), activar\u00e1 del 7 al 27 de agosto de 2025 la segunda fase del Sistema Anticipado de Inscripci\u00f3n y Distribuci\u00f3n (SAID), dirigida [&hellip;]<\/p>\n","protected":false},"author":1,"featured_media":89616,"comment_status":"closed","ping_status":"closed","sticky":false,"template":"","format":"standard","meta":{"footnotes":""},"categories":[30,36],"tags":[],"class_list":["post-89615","post","type-post","status-publish","format-standard","has-post-thumbnail","hentry","category-destacado","category-edomex"],"_links":{"self":[{"href":"https:\/\/elinformante.mx\/index.php?rest_route=\/wp\/v2\/posts\/89615","targetHints":{"allow":["GET"]}}],"collection":[{"href":"https:\/\/elinformante.mx\/index.php?rest_route=\/wp\/v2\/posts"}],"about":[{"href":"https:\/\/elinformante.mx\/index.php?rest_route=\/wp\/v2\/types\/post"}],"author":[{"embeddable":true,"href":"https:\/\/elinformante.mx\/index.php?rest_route=\/wp\/v2\/users\/1"}],"replies":[{"embeddable":true,"href":"https:\/\/elinformante.mx\/index.php?rest_route=%2Fwp%2Fv2%2Fcomments&post=89615"}],"version-history":[{"count":0,"href":"https:\/\/elinformante.mx\/index.php?rest_route=\/wp\/v2\/posts\/89615\/revisions"}],"wp:featuredmedia":[{"embeddable":true,"href":"https:\/\/elinformante.mx\/index.php?rest_route=\/wp\/v2\/media\/89616"}],"wp:attachment":[{"href":"https:\/\/elinformante.mx\/index.php?rest_route=%2Fwp%2Fv2%2Fmedia&parent=89615"}],"wp:term":[{"taxonomy":"category","embeddable":true,"href":"https:\/\/elinformante.mx\/index.php?rest_route=%2Fwp%2Fv2%2Fcategories&post=89615"},{"taxonomy":"post_tag","embeddable":true,"href":"https:\/\/elinformante.mx\/index.php?rest_route=%2Fwp%2Fv2%2Ftags&post=89615"}],"curies":[{"name":"wp","href":"https:\/\/api.w.org\/{rel}","templated":true}]}}