{"id":89622,"date":"2025-08-01T06:28:46","date_gmt":"2025-08-01T12:28:46","guid":{"rendered":"https:\/\/elinformante.mx\/?p=89622"},"modified":"2025-08-01T06:28:50","modified_gmt":"2025-08-01T12:28:50","slug":"metepec-logra-bajar-los-indices-delictivos-en-casi-todos-los-rubros-fernando-flores","status":"publish","type":"post","link":"https:\/\/elinformante.mx\/?p=89622","title":{"rendered":"Metepec logra bajar los \u00edndices delictivos en casi todos los rubros: Fernando Flores"},"content":{"rendered":"\n<figure class=\"wp-block-pullquote\"><blockquote><p>Estos resultados han sido reconocidos por autoridades federales y estatales.<\/p><\/blockquote><\/figure>\n\n\n\n<p class=\"has-drop-cap\">El alcalde Fernando Flores inform\u00f3 que, seg\u00fan el an\u00e1lisis del Secretariado Ejecutivo del Sistema Nacional de Seguridad P\u00fablica, Metepec ha logrado importantes reducciones en distintos delitos durante el \u00faltimo a\u00f1o. Este estudio, realizado por el \u00e1rea de pol\u00edtica criminal, evidencia el impacto de las estrategias implementadas en el municipio.<br><\/p>\n\n\n\n<figure class=\"wp-block-image size-large\"><img fetchpriority=\"high\" decoding=\"async\" width=\"1024\" height=\"506\" src=\"https:\/\/elinformante.mx\/wp-content\/uploads\/2025\/08\/8metepec-5-1024x506.jpg\" alt=\"\" class=\"wp-image-89624\" srcset=\"https:\/\/elinformante.mx\/wp-content\/uploads\/2025\/08\/8metepec-5-1024x506.jpg 1024w, https:\/\/elinformante.mx\/wp-content\/uploads\/2025\/08\/8metepec-5-300x148.jpg 300w, https:\/\/elinformante.mx\/wp-content\/uploads\/2025\/08\/8metepec-5-768x379.jpg 768w, https:\/\/elinformante.mx\/wp-content\/uploads\/2025\/08\/8metepec-5.jpg 1140w\" sizes=\"(max-width: 1024px) 100vw, 1024px\" \/><\/figure>\n\n\n\n<p>Los datos oficiales muestran avances contundentes: el robo a casa habitaci\u00f3n baj\u00f3 un 38%, y sin violencia un 42%. El robo de veh\u00edculo con violencia disminuy\u00f3 un 59%, y sin violencia un 16%. En cuanto a motocicletas, los robos con violencia bajaron un 58% y sin violencia un 41%. Tambi\u00e9n se reporta una reducci\u00f3n del 25% en el robo a negocios, 18% en instituciones bancarias y 60% en transporte p\u00fablico sin violencia. Otros delitos tambi\u00e9n presentan una mejora: la extorsi\u00f3n descendi\u00f3 un 25% y el robo de autopartes un 20%.<br><\/p>\n\n\n\n<figure class=\"wp-block-image size-large\"><img decoding=\"async\" width=\"1024\" height=\"506\" src=\"https:\/\/elinformante.mx\/wp-content\/uploads\/2025\/08\/8metepec-1024x506.jpg\" alt=\"\" class=\"wp-image-89625\" srcset=\"https:\/\/elinformante.mx\/wp-content\/uploads\/2025\/08\/8metepec-1024x506.jpg 1024w, https:\/\/elinformante.mx\/wp-content\/uploads\/2025\/08\/8metepec-300x148.jpg 300w, https:\/\/elinformante.mx\/wp-content\/uploads\/2025\/08\/8metepec-768x379.jpg 768w, https:\/\/elinformante.mx\/wp-content\/uploads\/2025\/08\/8metepec.jpg 1140w\" sizes=\"(max-width: 1024px) 100vw, 1024px\" \/><\/figure>\n\n\n\n<p>Estos resultados han sido reconocidos por autoridades federales y estatales, lo que refuerza la idea de que Metepec sigue avanzando con paso firme en materia de seguridad.<br><\/p>\n\n\n\n<figure class=\"wp-block-image size-large\"><img decoding=\"async\" width=\"1024\" height=\"506\" src=\"https:\/\/elinformante.mx\/wp-content\/uploads\/2025\/08\/8metepec-4-1024x506.jpg\" alt=\"\" class=\"wp-image-89626\" srcset=\"https:\/\/elinformante.mx\/wp-content\/uploads\/2025\/08\/8metepec-4-1024x506.jpg 1024w, https:\/\/elinformante.mx\/wp-content\/uploads\/2025\/08\/8metepec-4-300x148.jpg 300w, https:\/\/elinformante.mx\/wp-content\/uploads\/2025\/08\/8metepec-4-768x379.jpg 768w, https:\/\/elinformante.mx\/wp-content\/uploads\/2025\/08\/8metepec-4.jpg 1140w\" sizes=\"(max-width: 1024px) 100vw, 1024px\" \/><\/figure>\n\n\n\n<p>Flores reafirm\u00f3 su compromiso con las y los vecinos: \u201cEstamos en la ruta de cuidarte y cuidar a tu familia. No vamos a parar hasta que cada espacio en nuestro municipio sea seguro para ti y los tuyos.\u201d Los datos pueden consultarse en la plataforma del Secretariado Ejecutivo del Sistema Nacional de Seguridad P\u00fablica.<\/p>\n","protected":false},"excerpt":{"rendered":"<p>Estos resultados han sido reconocidos por autoridades federales y estatales. El alcalde Fernando Flores inform\u00f3 que, seg\u00fan el an\u00e1lisis del Secretariado Ejecutivo del Sistema Nacional de Seguridad P\u00fablica, Metepec ha logrado importantes reducciones en distintos delitos durante el \u00faltimo a\u00f1o. Este estudio, realizado por el \u00e1rea de pol\u00edtica criminal, evidencia el impacto de las estrategias [&hellip;]<\/p>\n","protected":false},"author":1,"featured_media":89623,"comment_status":"closed","ping_status":"closed","sticky":false,"template":"","format":"standard","meta":{"footnotes":""},"categories":[30,36,31],"tags":[46],"class_list":["post-89622","post","type-post","status-publish","format-standard","has-post-thumbnail","hentry","category-destacado","category-edomex","category-portada","tag-portadaedomex"],"_links":{"self":[{"href":"https:\/\/elinformante.mx\/index.php?rest_route=\/wp\/v2\/posts\/89622","targetHints":{"allow":["GET"]}}],"collection":[{"href":"https:\/\/elinformante.mx\/index.php?rest_route=\/wp\/v2\/posts"}],"about":[{"href":"https:\/\/elinformante.mx\/index.php?rest_route=\/wp\/v2\/types\/post"}],"author":[{"embeddable":true,"href":"https:\/\/elinformante.mx\/index.php?rest_route=\/wp\/v2\/users\/1"}],"replies":[{"embeddable":true,"href":"https:\/\/elinformante.mx\/index.php?rest_route=%2Fwp%2Fv2%2Fcomments&post=89622"}],"version-history":[{"count":0,"href":"https:\/\/elinformante.mx\/index.php?rest_route=\/wp\/v2\/posts\/89622\/revisions"}],"wp:featuredmedia":[{"embeddable":true,"href":"https:\/\/elinformante.mx\/index.php?rest_route=\/wp\/v2\/media\/89623"}],"wp:attachment":[{"href":"https:\/\/elinformante.mx\/index.php?rest_route=%2Fwp%2Fv2%2Fmedia&parent=89622"}],"wp:term":[{"taxonomy":"category","embeddable":true,"href":"https:\/\/elinformante.mx\/index.php?rest_route=%2Fwp%2Fv2%2Fcategories&post=89622"},{"taxonomy":"post_tag","embeddable":true,"href":"https:\/\/elinformante.mx\/index.php?rest_route=%2Fwp%2Fv2%2Ftags&post=89622"}],"curies":[{"name":"wp","href":"https:\/\/api.w.org\/{rel}","templated":true}]}}