{"id":89634,"date":"2025-08-01T06:34:35","date_gmt":"2025-08-01T12:34:35","guid":{"rendered":"https:\/\/elinformante.mx\/?p=89634"},"modified":"2025-08-01T06:34:36","modified_gmt":"2025-08-01T12:34:36","slug":"inauguran-en-cdmx-metropolis-taller-participativo-en-materia-metropolitana","status":"publish","type":"post","link":"https:\/\/elinformante.mx\/?p=89634","title":{"rendered":"Inauguran en CDMX METR\u00d3POLIS; taller participativo en materia Metropolitana"},"content":{"rendered":"\n<figure class=\"wp-block-pullquote\"><blockquote><p>-M\u00e1s de 200 participantes debatieron en torno a los retos comunes de la metr\u00f3poli<\/p><\/blockquote><\/figure>\n\n\n\n<p class=\"has-drop-cap\">Desde la Universidad Aut\u00f3noma Metropolitana unidad Xochimilco, la Secretar\u00eda de Planeaci\u00f3n, Ordenamiento Territorial y Coordinaci\u00f3n Metropolitana del Gobierno de la Ciudad de M\u00e9xico, junto con sus hom\u00f3logas de la Federaci\u00f3n y los estados de M\u00e9xico, Morelos e Hidalgo, realiz\u00f3 un taller participativo para la construcci\u00f3n del Programa de Ordenamiento de la ZMVM enfocado en la regi\u00f3n Coyoac\u00e1n &#8211; Tlalpan &#8211; Milpa Alta &#8211; Xochimilco &#8211; Huitzilac (Morelos).<br><\/p>\n\n\n\n<p>Con m\u00e1s de 200 participantes entre estudiantes, acad\u00e9micos, funcionarios p\u00fablicos de los tres niveles de gobierno, legisladores y autoridades comunitarias y vecinales, el taller fungi\u00f3 como un espacio para recuperar la problem\u00e1ticas y propuestas en torno a los siguientes temas: 1) Cuidado del medio ambiente; 2) Cuidado del agua; 3) Riesgos y cambio clim\u00e1tico; 4) H\u00e1bitat y vivienda; 5) Servicios y espacio p\u00fablico; 6) Movilidad, transporte y seguridad Vial; 7) Poblaci\u00f3n y econom\u00eda; y 8) Metr\u00f3poli segura.<br><\/p>\n\n\n\n<figure class=\"wp-block-image size-large\"><img fetchpriority=\"high\" decoding=\"async\" width=\"1024\" height=\"506\" src=\"https:\/\/elinformante.mx\/wp-content\/uploads\/2025\/08\/5inauguran-2-1024x506.jpeg\" alt=\"\" class=\"wp-image-89636\" srcset=\"https:\/\/elinformante.mx\/wp-content\/uploads\/2025\/08\/5inauguran-2-1024x506.jpeg 1024w, https:\/\/elinformante.mx\/wp-content\/uploads\/2025\/08\/5inauguran-2-300x148.jpeg 300w, https:\/\/elinformante.mx\/wp-content\/uploads\/2025\/08\/5inauguran-2-768x379.jpeg 768w, https:\/\/elinformante.mx\/wp-content\/uploads\/2025\/08\/5inauguran-2.jpeg 1140w\" sizes=\"(max-width: 1024px) 100vw, 1024px\" \/><\/figure>\n\n\n\n<p>Este ejercicio forma parte de los esfuerzos que impulsa la Jefa de Gobierno de la Ciudad de M\u00e9xico, Clara Brugada Molina, junto con la Federaci\u00f3n y sus hom\u00f3logos, para construir un instrumento que responda a los grandes retos comunes que vive la regi\u00f3n.<br><\/p>\n\n\n\n<p>Durante la inauguraci\u00f3n, las autoridades destacaron la importancia de construir soluciones desde el territorio y con la participaci\u00f3n de la ciudadan\u00eda, reconociendo que los desaf\u00edos metropolitanos solo podr\u00e1n resolverse si se tienen las herramientas de planeaci\u00f3n a corto, mediano y largo plazo que cuenten con mecanismos de colaboraci\u00f3n interinstitucional.<\/p>\n","protected":false},"excerpt":{"rendered":"<p>-M\u00e1s de 200 participantes debatieron en torno a los retos comunes de la metr\u00f3poli Desde la Universidad Aut\u00f3noma Metropolitana unidad Xochimilco, la Secretar\u00eda de Planeaci\u00f3n, Ordenamiento Territorial y Coordinaci\u00f3n Metropolitana del Gobierno de la Ciudad de M\u00e9xico, junto con sus hom\u00f3logas de la Federaci\u00f3n y los estados de M\u00e9xico, Morelos e Hidalgo, realiz\u00f3 un taller [&hellip;]<\/p>\n","protected":false},"author":1,"featured_media":89635,"comment_status":"closed","ping_status":"closed","sticky":false,"template":"","format":"standard","meta":{"footnotes":""},"categories":[35],"tags":[],"class_list":["post-89634","post","type-post","status-publish","format-standard","has-post-thumbnail","hentry","category-cdmx"],"_links":{"self":[{"href":"https:\/\/elinformante.mx\/index.php?rest_route=\/wp\/v2\/posts\/89634","targetHints":{"allow":["GET"]}}],"collection":[{"href":"https:\/\/elinformante.mx\/index.php?rest_route=\/wp\/v2\/posts"}],"about":[{"href":"https:\/\/elinformante.mx\/index.php?rest_route=\/wp\/v2\/types\/post"}],"author":[{"embeddable":true,"href":"https:\/\/elinformante.mx\/index.php?rest_route=\/wp\/v2\/users\/1"}],"replies":[{"embeddable":true,"href":"https:\/\/elinformante.mx\/index.php?rest_route=%2Fwp%2Fv2%2Fcomments&post=89634"}],"version-history":[{"count":0,"href":"https:\/\/elinformante.mx\/index.php?rest_route=\/wp\/v2\/posts\/89634\/revisions"}],"wp:featuredmedia":[{"embeddable":true,"href":"https:\/\/elinformante.mx\/index.php?rest_route=\/wp\/v2\/media\/89635"}],"wp:attachment":[{"href":"https:\/\/elinformante.mx\/index.php?rest_route=%2Fwp%2Fv2%2Fmedia&parent=89634"}],"wp:term":[{"taxonomy":"category","embeddable":true,"href":"https:\/\/elinformante.mx\/index.php?rest_route=%2Fwp%2Fv2%2Fcategories&post=89634"},{"taxonomy":"post_tag","embeddable":true,"href":"https:\/\/elinformante.mx\/index.php?rest_route=%2Fwp%2Fv2%2Ftags&post=89634"}],"curies":[{"name":"wp","href":"https:\/\/api.w.org\/{rel}","templated":true}]}}