{"id":89641,"date":"2025-08-01T06:39:00","date_gmt":"2025-08-01T12:39:00","guid":{"rendered":"https:\/\/elinformante.mx\/?p=89641"},"modified":"2025-08-01T06:39:03","modified_gmt":"2025-08-01T12:39:03","slug":"maru-campos-integra-a-productores-agricolas-a-campana-de-vacunacion-contra-el-sarampion","status":"publish","type":"post","link":"https:\/\/elinformante.mx\/?p=89641","title":{"rendered":"Maru Campos integra a productores agr\u00edcolas a campa\u00f1a de vacunaci\u00f3n contra el sarampi\u00f3n"},"content":{"rendered":"\n<figure class=\"wp-block-pullquote\"><blockquote><p>Firm\u00f3 un convenio de colaboraci\u00f3n con agremiados al Consejo Estatal Agropecuario para implementar acciones conjuntas que faciliten la inoculaci\u00f3n de los trabajadores del campo<\/p><\/blockquote><\/figure>\n\n\n\n<p class=\"has-drop-cap\">La gobernadora Maru Campos firm\u00f3 un convenio de colaboraci\u00f3n con Consejo Estatal Agropecuario (CEACH), por medio del cual se integrar\u00e1n a la campa\u00f1a de vacunaci\u00f3n que el Gobierno del Estado implementa en toda la entidad.<br><\/p>\n\n\n\n<p>Con este acuerdo, los productores se comprometen en colaborar con las autoridades estatales, para, en un frente com\u00fan, lograr que m\u00e1s personas tengan acceso a la dosis, en especial, los trabajadores jornaleros que contratan para levantar las cosechas.<br><\/p>\n\n\n\n<p>Pidi\u00f3 a los empresarios del sector a que verifiquen que todos sus colaboradores est\u00e9n vacunados y en caso de detectar casos de sarampi\u00f3n, los notifiquen de inmediato a la Secretar\u00eda de Salud y por ning\u00fan motivo los env\u00eden de regreso a sus comunidades.<br><\/p>\n\n\n\n<p>Dijo que el Gobierno del Estado enviar\u00e1 personal capacitado y listo para atender la enfermedad y para aplicar las vacunas que hagan falta, especialmente a quienes llegan a trabajar a los campos, procedentes de la Sierra Tarahumara.<br><\/p>\n\n\n\n<p>Aclar\u00f3 la titular del Ejecutivo, que la vacuna contra el sarampi\u00f3n tiene m\u00e1s de 60 a\u00f1os de desarrollo e investigaci\u00f3n, por lo que descartada la idea de que produce autismo o alguna otra enfermedad grave.<br><\/p>\n\n\n\n<p>\u201cEs completamente segura, no produce autismo, no desencadena ninguna enfermedad grave y por supuesto, no produce la muerte. Al contrario, es nuestra \u00fanica manera de salvar vidas\u201d, reiter\u00f3.<br><\/p>\n\n\n\n<p>Arturo Gonz\u00e1lez Ruiz, presidente del CEACH, destac\u00f3 que gracias a la apertura y compromiso de la administraci\u00f3n estatal, se han incrementado los apoyos para productores primarios, mediante insumos, semillas, fertilizantes y programas de fortalecimiento al campo.<br><\/p>\n\n\n\n<p>En la firma del convenio participaron adem\u00e1s los secretarios de Trabajo y Previsi\u00f3n Social, Di\u00f3doro Siller; de Salud, Gilberto Baeza Mendoza; de Desarrollo Rural, Mauro Parada, y de Pueblos y Comunidades Ind\u00edgenas, Enrique Rasc\u00f3n.<\/p>\n","protected":false},"excerpt":{"rendered":"<p>Firm\u00f3 un convenio de colaboraci\u00f3n con agremiados al Consejo Estatal Agropecuario para implementar acciones conjuntas que faciliten la inoculaci\u00f3n de los trabajadores del campo La gobernadora Maru Campos firm\u00f3 un convenio de colaboraci\u00f3n con Consejo Estatal Agropecuario (CEACH), por medio del cual se integrar\u00e1n a la campa\u00f1a de vacunaci\u00f3n que el Gobierno del Estado implementa [&hellip;]<\/p>\n","protected":false},"author":1,"featured_media":89642,"comment_status":"closed","ping_status":"closed","sticky":false,"template":"","format":"standard","meta":{"footnotes":""},"categories":[34],"tags":[],"class_list":["post-89641","post","type-post","status-publish","format-standard","has-post-thumbnail","hentry","category-nacional"],"_links":{"self":[{"href":"https:\/\/elinformante.mx\/index.php?rest_route=\/wp\/v2\/posts\/89641","targetHints":{"allow":["GET"]}}],"collection":[{"href":"https:\/\/elinformante.mx\/index.php?rest_route=\/wp\/v2\/posts"}],"about":[{"href":"https:\/\/elinformante.mx\/index.php?rest_route=\/wp\/v2\/types\/post"}],"author":[{"embeddable":true,"href":"https:\/\/elinformante.mx\/index.php?rest_route=\/wp\/v2\/users\/1"}],"replies":[{"embeddable":true,"href":"https:\/\/elinformante.mx\/index.php?rest_route=%2Fwp%2Fv2%2Fcomments&post=89641"}],"version-history":[{"count":0,"href":"https:\/\/elinformante.mx\/index.php?rest_route=\/wp\/v2\/posts\/89641\/revisions"}],"wp:featuredmedia":[{"embeddable":true,"href":"https:\/\/elinformante.mx\/index.php?rest_route=\/wp\/v2\/media\/89642"}],"wp:attachment":[{"href":"https:\/\/elinformante.mx\/index.php?rest_route=%2Fwp%2Fv2%2Fmedia&parent=89641"}],"wp:term":[{"taxonomy":"category","embeddable":true,"href":"https:\/\/elinformante.mx\/index.php?rest_route=%2Fwp%2Fv2%2Fcategories&post=89641"},{"taxonomy":"post_tag","embeddable":true,"href":"https:\/\/elinformante.mx\/index.php?rest_route=%2Fwp%2Fv2%2Ftags&post=89641"}],"curies":[{"name":"wp","href":"https:\/\/api.w.org\/{rel}","templated":true}]}}