{"id":89648,"date":"2025-08-01T06:55:41","date_gmt":"2025-08-01T12:55:41","guid":{"rendered":"https:\/\/elinformante.mx\/?p=89648"},"modified":"2025-08-01T06:56:14","modified_gmt":"2025-08-01T12:56:14","slug":"sheinbaum-evita-aumento-de-aranceles-y-logra-extension-de-90-dias-para-lograr-un-acuerdo","status":"publish","type":"post","link":"https:\/\/elinformante.mx\/?p=89648","title":{"rendered":"Sheinbaum evita aumento de aranceles y logra extensi\u00f3n de 90 d\u00edas para lograr un acuerdo"},"content":{"rendered":"\n<figure class=\"wp-block-pullquote\"><blockquote><p>\u201dTenemos el mejor acuerdo posible, comparado incluso con las dem\u00e1s naciones; es decir, invertir en M\u00e9xico sigue siendo la mejor opci\u00f3n\u201d: Jefa del Ejecutivo Federal<\/p><\/blockquote><\/figure>\n\n\n\n<p class=\"has-drop-cap\">La Presidenta de M\u00e9xico, Claudia Sheinbaum Pardo, resalt\u00f3 que, en su conversaci\u00f3n telef\u00f3nica con el presidente de Estados Unidos, Donald Trump, se logr\u00f3 un buen acuerdo y son 90 d\u00edas para seguir dialogando y construyendo un acuerdo de m\u00e1s largo plazo.<br><\/p>\n\n\n\n<p>Durante la conferencia ma\u00f1anera, la Jefa del Ejecutivo Federal agreg\u00f3 que, en primer lugar, en la conversaci\u00f3n telef\u00f3nica, que dur\u00f3 alrededor de 40 minutos, siempre se trat\u00f3 con respeto a nuestro pa\u00eds y como resultado no se aumentan m\u00e1s las tarifas y, sobre todo, se salvaguarda el Tratado entre M\u00e9xico, Estados Unidos y Canad\u00e1 (T-MEC).<br><\/p>\n\n\n\n<p>\u201cLogramos un buen acuerdo. Nos mantenemos como estamos y son 90 d\u00edas para seguir platicando, dialogando, construyendo un acuerdo de m\u00e1s largo plazo. \u00bfPor qu\u00e9 es importante este acuerdo? N\u00famero 1. No aumentan m\u00e1s las tarifas. Si ustedes ven los acuerdos con los otros pa\u00edses, en realidad, nosotros nos quedamos igual que como est\u00e1bamos. Segundo. Se salvaguarda el T-MEC, eso es muy importante, porque recuerden que el 25 por ciento de las tarifas o de los aranceles \u2014as\u00ed, hay que decirlo en espa\u00f1ol\u2014, de los aranceles son para todo aquello que no est\u00e1 dentro del T-MEC\u201d, puntualiz\u00f3.<br><\/p>\n\n\n\n<figure class=\"wp-block-image size-large\"><img fetchpriority=\"high\" decoding=\"async\" width=\"1024\" height=\"506\" src=\"https:\/\/elinformante.mx\/wp-content\/uploads\/2025\/08\/3CLAUDIA-1024x506.jpg\" alt=\"\" class=\"wp-image-89650\" srcset=\"https:\/\/elinformante.mx\/wp-content\/uploads\/2025\/08\/3CLAUDIA-1024x506.jpg 1024w, https:\/\/elinformante.mx\/wp-content\/uploads\/2025\/08\/3CLAUDIA-300x148.jpg 300w, https:\/\/elinformante.mx\/wp-content\/uploads\/2025\/08\/3CLAUDIA-768x379.jpg 768w, https:\/\/elinformante.mx\/wp-content\/uploads\/2025\/08\/3CLAUDIA.jpg 1140w\" sizes=\"(max-width: 1024px) 100vw, 1024px\" \/><figcaption class=\"wp-element-caption\">Cuauht\u00e9moc, Ciudad de M\u00e9xico. 31 de julio 2025. La presidenta constitucional de los Estados Unidos Mexicanos, la Doctora Claudia Sheinbaum Pardo en conferencia de prensa matutina en el sal\u00f3n de la Tesorer\u00eda de Palacio Nacional. La acompa\u00f1an: Marcelo Ebrard Casub\u00f3n, secretario de Econom\u00eda; Ram\u00f3n de la Fuente, secretario de Relaciones Exteriores y Roberto Velasco \u00c1lvarez, jefe de la unidad para Am\u00e9rica del Norte de la SER. Foto: Sa\u00fal L\u00f3pez Escorcia\/Presidencia<\/figcaption><\/figure>\n\n\n\n<p>Expuso que se mantienen los aranceles a la industria automotriz, con el descuento que corresponde a las partes fabricadas en EUA, M\u00e9xico y Canad\u00e1; as\u00ed como al acero y al aluminio.<br><\/p>\n\n\n\n<p>\u201cPero es muy importante que se salvaguarda el Tratado. Tercero. Mantener esta mesa de di\u00e1logo, negociaci\u00f3n permanente con su equipo. Realmente, M\u00e9xico sigue siendo hoy, dentro de este nuevo orden mundial, porque es un nuevo orden comercial mundial: tenemos el mejor acuerdo posible, comparado incluso con las dem\u00e1s naciones; es decir, invertir en M\u00e9xico sigue siendo la mejor opci\u00f3n\u201d, agreg\u00f3.<br><\/p>\n\n\n\n<p>Reiter\u00f3 que ha funcionado la estrategia de cabeza fr\u00eda, temple y defensa con firmeza de nuestros principios.<\/p>\n","protected":false},"excerpt":{"rendered":"<p>\u201dTenemos el mejor acuerdo posible, comparado incluso con las dem\u00e1s naciones; es decir, invertir en M\u00e9xico sigue siendo la mejor opci\u00f3n\u201d: Jefa del Ejecutivo Federal La Presidenta de M\u00e9xico, Claudia Sheinbaum Pardo, resalt\u00f3 que, en su conversaci\u00f3n telef\u00f3nica con el presidente de Estados Unidos, Donald Trump, se logr\u00f3 un buen acuerdo y son 90 d\u00edas [&hellip;]<\/p>\n","protected":false},"author":1,"featured_media":89649,"comment_status":"closed","ping_status":"closed","sticky":false,"template":"","format":"standard","meta":{"footnotes":""},"categories":[34],"tags":[],"class_list":["post-89648","post","type-post","status-publish","format-standard","has-post-thumbnail","hentry","category-nacional"],"_links":{"self":[{"href":"https:\/\/elinformante.mx\/index.php?rest_route=\/wp\/v2\/posts\/89648","targetHints":{"allow":["GET"]}}],"collection":[{"href":"https:\/\/elinformante.mx\/index.php?rest_route=\/wp\/v2\/posts"}],"about":[{"href":"https:\/\/elinformante.mx\/index.php?rest_route=\/wp\/v2\/types\/post"}],"author":[{"embeddable":true,"href":"https:\/\/elinformante.mx\/index.php?rest_route=\/wp\/v2\/users\/1"}],"replies":[{"embeddable":true,"href":"https:\/\/elinformante.mx\/index.php?rest_route=%2Fwp%2Fv2%2Fcomments&post=89648"}],"version-history":[{"count":0,"href":"https:\/\/elinformante.mx\/index.php?rest_route=\/wp\/v2\/posts\/89648\/revisions"}],"wp:featuredmedia":[{"embeddable":true,"href":"https:\/\/elinformante.mx\/index.php?rest_route=\/wp\/v2\/media\/89649"}],"wp:attachment":[{"href":"https:\/\/elinformante.mx\/index.php?rest_route=%2Fwp%2Fv2%2Fmedia&parent=89648"}],"wp:term":[{"taxonomy":"category","embeddable":true,"href":"https:\/\/elinformante.mx\/index.php?rest_route=%2Fwp%2Fv2%2Fcategories&post=89648"},{"taxonomy":"post_tag","embeddable":true,"href":"https:\/\/elinformante.mx\/index.php?rest_route=%2Fwp%2Fv2%2Ftags&post=89648"}],"curies":[{"name":"wp","href":"https:\/\/api.w.org\/{rel}","templated":true}]}}