{"id":89669,"date":"2025-08-04T06:16:22","date_gmt":"2025-08-04T12:16:22","guid":{"rendered":"https:\/\/elinformante.mx\/?p=89669"},"modified":"2025-08-04T06:16:24","modified_gmt":"2025-08-04T12:16:24","slug":"denuncia-alfonso-herrera-haber-sufrido-un-robo-de-equipaje-tras-vuelo-de-alemania","status":"publish","type":"post","link":"https:\/\/elinformante.mx\/?p=89669","title":{"rendered":"Denuncia Alfonso Herrera haber sufrido un robo de equipaje tras vuelo de Alemania"},"content":{"rendered":"\n<figure class=\"wp-block-pullquote\"><blockquote><p>El actor denunci\u00f3 que abrieron su maleta y robaron regalos para sus hijos.<\/p><\/blockquote><\/figure>\n\n\n\n<p class=\"has-drop-cap\">El actor mexicano, Alfonso Herrera denunci\u00f3 p\u00fablicamente haber sido v\u00edctima de un robo de objetos personales de su equipaje tras aterrizar en el Aeropuerto Internacional de la Ciudad de M\u00e9xico (AICM).<br><\/p>\n\n\n\n<p>A trav\u00e9s de su cuenta de X, el actor detall\u00f3 que las maletas fueron abiertas durante el proceso de revisi\u00f3n de aduanas y que se sustrajeron regalos para sus hijos, as\u00ed como otros objetos de valor.<br><\/p>\n\n\n\n<p>Alfonso Herrera explic\u00f3 que el incidente ocurri\u00f3 tras su regreso en el vuelo 498 de la aerol\u00ednea Lufthansa, procedente de Alemania. Al recoger su equipaje en el AICM, se percat\u00f3 de que las maletas hab\u00edan sido manipuladas.<br><\/p>\n\n\n\n<p>\u201cAcabo de regresar de viaje y las maletas en Aduanas del AICM las abrieron y se robaron los regalos de mis hijos y varios objetos de valor\u201d, escribi\u00f3.<br><\/p>\n\n\n\n<p>\u201cY lo digo as\u00ed sin tapujos: abrieron las maletas y robaron. Ya se levantaron los reportes correspondientes y mi deseo total es que esto no quede impune\u201d.<br><\/p>\n\n\n\n<p>El vuelo se\u00f1alado por el actor fue el LH498 de Lufthansa, una ruta directa entre Frankfurt (Alemania) y la Ciudad de M\u00e9xico, operada con una duraci\u00f3n aproximada de 12 horas. La aerol\u00ednea no ha emitido un comunicado oficial al respecto hasta el momento.<br><\/p>\n\n\n\n<p>El incidente, seg\u00fan el testimonio de Herrera, habr\u00eda ocurrido en la zona correspondiente a la Administraci\u00f3n General de Aduanas dentro del aeropuerto, que depende del Servicio de Administraci\u00f3n Tributaria (SAT).<br><\/p>\n\n\n\n<p>El actor confirm\u00f3 que ya levant\u00f3 los reportes correspondientes ante las autoridades, aunque no especific\u00f3 si se trata de una denuncia formal ante la Fiscal\u00eda o un reclamo administrativo ante la aerol\u00ednea y las autoridades aduanales.<\/p>\n","protected":false},"excerpt":{"rendered":"<p>El actor denunci\u00f3 que abrieron su maleta y robaron regalos para sus hijos. El actor mexicano, Alfonso Herrera denunci\u00f3 p\u00fablicamente haber sido v\u00edctima de un robo de objetos personales de su equipaje tras aterrizar en el Aeropuerto Internacional de la Ciudad de M\u00e9xico (AICM). A trav\u00e9s de su cuenta de X, el actor detall\u00f3 que [&hellip;]<\/p>\n","protected":false},"author":1,"featured_media":89673,"comment_status":"closed","ping_status":"closed","sticky":false,"template":"","format":"standard","meta":{"footnotes":""},"categories":[39],"tags":[],"class_list":["post-89669","post","type-post","status-publish","format-standard","has-post-thumbnail","hentry","category-espectaculos"],"_links":{"self":[{"href":"https:\/\/elinformante.mx\/index.php?rest_route=\/wp\/v2\/posts\/89669","targetHints":{"allow":["GET"]}}],"collection":[{"href":"https:\/\/elinformante.mx\/index.php?rest_route=\/wp\/v2\/posts"}],"about":[{"href":"https:\/\/elinformante.mx\/index.php?rest_route=\/wp\/v2\/types\/post"}],"author":[{"embeddable":true,"href":"https:\/\/elinformante.mx\/index.php?rest_route=\/wp\/v2\/users\/1"}],"replies":[{"embeddable":true,"href":"https:\/\/elinformante.mx\/index.php?rest_route=%2Fwp%2Fv2%2Fcomments&post=89669"}],"version-history":[{"count":0,"href":"https:\/\/elinformante.mx\/index.php?rest_route=\/wp\/v2\/posts\/89669\/revisions"}],"wp:featuredmedia":[{"embeddable":true,"href":"https:\/\/elinformante.mx\/index.php?rest_route=\/wp\/v2\/media\/89673"}],"wp:attachment":[{"href":"https:\/\/elinformante.mx\/index.php?rest_route=%2Fwp%2Fv2%2Fmedia&parent=89669"}],"wp:term":[{"taxonomy":"category","embeddable":true,"href":"https:\/\/elinformante.mx\/index.php?rest_route=%2Fwp%2Fv2%2Fcategories&post=89669"},{"taxonomy":"post_tag","embeddable":true,"href":"https:\/\/elinformante.mx\/index.php?rest_route=%2Fwp%2Fv2%2Ftags&post=89669"}],"curies":[{"name":"wp","href":"https:\/\/api.w.org\/{rel}","templated":true}]}}