{"id":89682,"date":"2025-08-04T06:21:57","date_gmt":"2025-08-04T12:21:57","guid":{"rendered":"https:\/\/elinformante.mx\/?p=89682"},"modified":"2025-08-04T06:22:01","modified_gmt":"2025-08-04T12:22:01","slug":"isaac-del-toro-conquista-en-solitario-el-circuito-de-getxo","status":"publish","type":"post","link":"https:\/\/elinformante.mx\/?p=89682","title":{"rendered":"Isaac del Toro conquista en solitario el Circuito de Getxo"},"content":{"rendered":"\n<figure class=\"wp-block-pullquote\"><blockquote><p>El Circuito de Getxo tuvo un cierre vibrante y dej\u00f3 claro que el ciclismo mexicano tiene en Del Toro a una figura en ascenso dentro del pelot\u00f3n internacional.<\/p><\/blockquote><\/figure>\n\n\n\n<p class=\"has-drop-cap\">El ciclista mexicano Isaac del Toro se impuso con una potente acci\u00f3n en solitario en la edici\u00f3n 80 del Circuito de Getxo-Memorial Hermanos Otxoa, carrera de un d\u00eda disputada sobre 172,2 kil\u00f3metros con perfil quebrado y final en cuesta.<br><\/p>\n\n\n\n<p>El triunfo del ciclista de Ensenada, Baja California, fue el resultado perfecto para una jornada estrat\u00e9gica del equipo UAE Team Emirates, que coloc\u00f3 al espa\u00f1ol Juan Ayuso en la segunda posici\u00f3n.<br><\/p>\n\n\n\n<p>La dupla estelar del UAE resolvi\u00f3 la carrera en el temido Alto de Pike Bidea, un muro de 2 kil\u00f3metros con rampas de hasta el 20% de inclinaci\u00f3n, al que se ascendi\u00f3 por segunda vez a 16 kil\u00f3metros de la meta. All\u00ed, tras controlar una fuga protagonizada por Orluis Aular (Movistar) y Quinn Simmons (Lidl-Trek), Del Toro y Ayuso lanzaron el ataque definitivo.<br><\/p>\n\n\n\n<p>Fue Ayuso quien dio luz verde a su compa\u00f1ero mexicano para lanzarse en solitario, mientras \u00e9l actuaba como \u201csecante\u201d frente a los perseguidores.<br><\/p>\n\n\n\n<p>Del Toro mantuvo su ventaja con autoridad y lleg\u00f3 a la meta situada en el explosivo Muro de Arkotxa (700 metros con rampas de hasta el 14%) con 20 segundos de ventaja sobre Ayuso y Alex Aranburu (Cofidis), quienes se jugaron la segunda plaza al esprint.<br><\/p>\n\n\n\n<figure class=\"wp-block-image size-large\"><img fetchpriority=\"high\" decoding=\"async\" width=\"1024\" height=\"506\" src=\"https:\/\/elinformante.mx\/wp-content\/uploads\/2025\/08\/14isaac-2-1024x506.jpg\" alt=\"\" class=\"wp-image-89684\" srcset=\"https:\/\/elinformante.mx\/wp-content\/uploads\/2025\/08\/14isaac-2-1024x506.jpg 1024w, https:\/\/elinformante.mx\/wp-content\/uploads\/2025\/08\/14isaac-2-300x148.jpg 300w, https:\/\/elinformante.mx\/wp-content\/uploads\/2025\/08\/14isaac-2-768x379.jpg 768w, https:\/\/elinformante.mx\/wp-content\/uploads\/2025\/08\/14isaac-2.jpg 1140w\" sizes=\"(max-width: 1024px) 100vw, 1024px\" \/><\/figure>\n\n\n\n<p>El grupo perseguidor que lleg\u00f3 tras Del Toro inclu\u00eda a los espa\u00f1oles H\u00e9ctor \u00c1lvarez, Juan Ayuso, Alex Aranburu, y al let\u00f3n Tom Skujins, todos neutralizados en parte por la vigilancia t\u00e1ctica del UAE.<br><\/p>\n\n\n\n<p>Detr\u00e1s, el pelot\u00f3n desorganizado fue encabezado por algunos de los mejores finalizadores en cuesta del pelot\u00f3n espa\u00f1ol, como Eduard Prades, Pau Miquel y Jon Barrenetxea, este \u00faltimo ganador de la edici\u00f3n 2024.<br><\/p>\n\n\n\n<p>Con esta victoria, Isaac del Toro sucede precisamente a Barrenetxea en el palmar\u00e9s de Getxo, una prueba que tambi\u00e9n hab\u00eda conquistado Ayuso en 2022, reafirmando el dominio del UAE en los \u00faltimos a\u00f1os.<br><\/p>\n\n\n\n<p>La carrera, como es habitual, se desarroll\u00f3 en un circuito con m\u00faltiples ascensiones al Alto de Akarlanda (3\u00aa categor\u00eda), donde el espa\u00f1ol Antonio Jes\u00fas Soto (Kern Pharma) fue el m\u00e1s activo en una escapada inicial de diez corredores. A ella se unieron m\u00e1s tarde los campeones nacionales Mular y Simmons, pero ninguno de los valientes logr\u00f3 resistir la ofensiva final del UAE.<br><\/p>\n\n\n\n<p>El equipo emirat\u00ed volvi\u00f3 a mostrar su solidez colectiva con el trabajo destacado de Igor Arrieta y Domen Novak como gregarios. El golpe final lo dio Del Toro, quien suma as\u00ed una nueva victoria de prestigio a su temporada, tras su brillante segundo lugar en el \u00faltimo Giro de Italia y su reciente protagonismo en la Cl\u00e1sica San Sebasti\u00e1n.<br><\/p>\n\n\n\n<p>El Circuito de Getxo tuvo un cierre vibrante y dej\u00f3 claro que el ciclismo mexicano tiene en Del Toro a una figura en ascenso dentro del pelot\u00f3n internacional.<\/p>\n","protected":false},"excerpt":{"rendered":"<p>El Circuito de Getxo tuvo un cierre vibrante y dej\u00f3 claro que el ciclismo mexicano tiene en Del Toro a una figura en ascenso dentro del pelot\u00f3n internacional. El ciclista mexicano Isaac del Toro se impuso con una potente acci\u00f3n en solitario en la edici\u00f3n 80 del Circuito de Getxo-Memorial Hermanos Otxoa, carrera de un [&hellip;]<\/p>\n","protected":false},"author":1,"featured_media":89683,"comment_status":"closed","ping_status":"closed","sticky":false,"template":"","format":"standard","meta":{"footnotes":""},"categories":[38,30],"tags":[],"class_list":["post-89682","post","type-post","status-publish","format-standard","has-post-thumbnail","hentry","category-deportes","category-destacado"],"_links":{"self":[{"href":"https:\/\/elinformante.mx\/index.php?rest_route=\/wp\/v2\/posts\/89682","targetHints":{"allow":["GET"]}}],"collection":[{"href":"https:\/\/elinformante.mx\/index.php?rest_route=\/wp\/v2\/posts"}],"about":[{"href":"https:\/\/elinformante.mx\/index.php?rest_route=\/wp\/v2\/types\/post"}],"author":[{"embeddable":true,"href":"https:\/\/elinformante.mx\/index.php?rest_route=\/wp\/v2\/users\/1"}],"replies":[{"embeddable":true,"href":"https:\/\/elinformante.mx\/index.php?rest_route=%2Fwp%2Fv2%2Fcomments&post=89682"}],"version-history":[{"count":0,"href":"https:\/\/elinformante.mx\/index.php?rest_route=\/wp\/v2\/posts\/89682\/revisions"}],"wp:featuredmedia":[{"embeddable":true,"href":"https:\/\/elinformante.mx\/index.php?rest_route=\/wp\/v2\/media\/89683"}],"wp:attachment":[{"href":"https:\/\/elinformante.mx\/index.php?rest_route=%2Fwp%2Fv2%2Fmedia&parent=89682"}],"wp:term":[{"taxonomy":"category","embeddable":true,"href":"https:\/\/elinformante.mx\/index.php?rest_route=%2Fwp%2Fv2%2Fcategories&post=89682"},{"taxonomy":"post_tag","embeddable":true,"href":"https:\/\/elinformante.mx\/index.php?rest_route=%2Fwp%2Fv2%2Ftags&post=89682"}],"curies":[{"name":"wp","href":"https:\/\/api.w.org\/{rel}","templated":true}]}}