{"id":89689,"date":"2025-08-04T06:26:33","date_gmt":"2025-08-04T12:26:33","guid":{"rendered":"https:\/\/elinformante.mx\/?p=89689"},"modified":"2025-08-04T06:26:36","modified_gmt":"2025-08-04T12:26:36","slug":"en-julio-fueron-confiscados-64-metros-cubicos-de-madera-extraida-de-manera-ilegal-en-ocuilan","status":"publish","type":"post","link":"https:\/\/elinformante.mx\/?p=89689","title":{"rendered":"En julio fueron confiscados 64 metros c\u00fabicos de madera extra\u00edda de manera ilegal en Ocuilan"},"content":{"rendered":"\n<figure class=\"wp-block-pullquote\"><blockquote><p>Estas acciones forman parte de los m\u00e1s de 20 operativos realizados desde noviembre de 2024 en comunidades como Santa Luc\u00eda, Xalatlaco, Amecameca y otros municipios.<\/p><\/blockquote><\/figure>\n\n\n\n<p class=\"has-drop-cap\">El Gobierno del Estado de M\u00e9xico, encabezado por la Maestra Delfina G\u00f3mez, reafirma su compromiso con la defensa del Bosque de Agua mediante una estrategia conjunta con autoridades federales, capitalinas y las fuerzas armadas.<br><\/p>\n\n\n\n<p>Durante julio, esta coordinaci\u00f3n permiti\u00f3 asegurar m\u00e1s de 64 metros c\u00fabicos de madera extra\u00edda de manera ilegal, equivalente a tres camiones tipo torton, en el municipio de Ocuilan.<br><\/p>\n\n\n\n<p>Asimismo, se clausuraron cuatro centros clandestinos de almacenamiento y procesamiento de material forestal, donde se decomisaron m\u00e1s de dos mil 300 piezas de madera aserrada, maquinaria industrial y equipo pesado.<br><\/p>\n\n\n\n<p>Estas acciones forman parte de los m\u00e1s de 20 operativos realizados desde noviembre de 2024 en comunidades como Santa Luc\u00eda, Xalatlaco, Amecameca y otros municipios.<br><\/p>\n\n\n\n<p>Con ello, se ha logrado el cierre de aserraderos ilegales y el aseguramiento de 407 metros c\u00fabicos de madera de especies como oyamel, pino y cedro, equivalente a un total de 18 camiones tipo torton, incluyendo los decomisos de julio.<br><\/p>\n\n\n\n<p>En varios casos, los puntos fueron encontrados sin personal presente, lo que sugiere intentos de evadir la acci\u00f3n de la justicia ante la creciente presencia institucional.<br><\/p>\n\n\n\n<p>Como parte del reforzamiento territorial, se estableci\u00f3 un destacamento permanente de 36 elementos de la Secretar\u00eda de Seguridad del Estado de M\u00e9xico (SSEM) en Santa Martha, Ocuilan, as\u00ed como una base operativa de la Secretar\u00eda de la Defensa Nacional (Defensa) en Lagunas de Zempoala.<br><\/p>\n\n\n\n<p>Los operativos han contado con la participaci\u00f3n de la Defensa, la Guardia Nacional, la Procuradur\u00eda Federal de Protecci\u00f3n al Ambiente (Profepa), la SSEM, la Secretar\u00eda General de Gobierno mexiquense (SGG) y la Comisi\u00f3n de Recursos Naturales y Desarrollo Rural (CORENADR) del Gobierno de la Ciudad de M\u00e9xico.<br><\/p>\n\n\n\n<p>El Gobierno del Estado de M\u00e9xico reitera su compromiso con la protecci\u00f3n de los bosques. Frente a quienes lucran con los recursos naturales, la respuesta es clara: coordinaci\u00f3n, firmeza y una voluntad pol\u00edtica que no se doblega.<\/p>\n","protected":false},"excerpt":{"rendered":"<p>Estas acciones forman parte de los m\u00e1s de 20 operativos realizados desde noviembre de 2024 en comunidades como Santa Luc\u00eda, Xalatlaco, Amecameca y otros municipios. El Gobierno del Estado de M\u00e9xico, encabezado por la Maestra Delfina G\u00f3mez, reafirma su compromiso con la defensa del Bosque de Agua mediante una estrategia conjunta con autoridades federales, capitalinas [&hellip;]<\/p>\n","protected":false},"author":1,"featured_media":89690,"comment_status":"closed","ping_status":"closed","sticky":false,"template":"","format":"standard","meta":{"footnotes":""},"categories":[36,37],"tags":[],"class_list":["post-89689","post","type-post","status-publish","format-standard","has-post-thumbnail","hentry","category-edomex","category-justicia"],"_links":{"self":[{"href":"https:\/\/elinformante.mx\/index.php?rest_route=\/wp\/v2\/posts\/89689","targetHints":{"allow":["GET"]}}],"collection":[{"href":"https:\/\/elinformante.mx\/index.php?rest_route=\/wp\/v2\/posts"}],"about":[{"href":"https:\/\/elinformante.mx\/index.php?rest_route=\/wp\/v2\/types\/post"}],"author":[{"embeddable":true,"href":"https:\/\/elinformante.mx\/index.php?rest_route=\/wp\/v2\/users\/1"}],"replies":[{"embeddable":true,"href":"https:\/\/elinformante.mx\/index.php?rest_route=%2Fwp%2Fv2%2Fcomments&post=89689"}],"version-history":[{"count":0,"href":"https:\/\/elinformante.mx\/index.php?rest_route=\/wp\/v2\/posts\/89689\/revisions"}],"wp:featuredmedia":[{"embeddable":true,"href":"https:\/\/elinformante.mx\/index.php?rest_route=\/wp\/v2\/media\/89690"}],"wp:attachment":[{"href":"https:\/\/elinformante.mx\/index.php?rest_route=%2Fwp%2Fv2%2Fmedia&parent=89689"}],"wp:term":[{"taxonomy":"category","embeddable":true,"href":"https:\/\/elinformante.mx\/index.php?rest_route=%2Fwp%2Fv2%2Fcategories&post=89689"},{"taxonomy":"post_tag","embeddable":true,"href":"https:\/\/elinformante.mx\/index.php?rest_route=%2Fwp%2Fv2%2Ftags&post=89689"}],"curies":[{"name":"wp","href":"https:\/\/api.w.org\/{rel}","templated":true}]}}