{"id":89698,"date":"2025-08-04T06:35:05","date_gmt":"2025-08-04T12:35:05","guid":{"rendered":"https:\/\/elinformante.mx\/?p=89698"},"modified":"2025-08-04T06:35:07","modified_gmt":"2025-08-04T12:35:07","slug":"inaugura-saray-benitez-clinica-dulce-nombre-en-mexicaltzingo","status":"publish","type":"post","link":"https:\/\/elinformante.mx\/?p=89698","title":{"rendered":"Inaugura Saray Ben\u00edtez cl\u00ednica \u201cDulce Nombre\u201d en Mexicaltzingo"},"content":{"rendered":"\n<figure class=\"wp-block-pullquote\"><blockquote><p>Felicit\u00f3 a los colaboradores de la cl\u00ednica y a los doctores Vargas Ocampo y Manjarrez Lara, reconociendo su valiosa contribuci\u00f3n.<\/p><\/blockquote><\/figure>\n\n\n\n<p class=\"has-drop-cap\">La presidenta municipal de Mexicaltizingo, Saray Ben\u00edtez Espinosa, acompa\u00f1o a los doctores Lucero Vargas Ocampo y Enrique Manjarrez Lara en la inauguraci\u00f3n de la nueva Cl\u00ednica M\u00e9dica \u201cDulce Nombre\u201d.<br><\/p>\n\n\n\n<p>Durante el acto se\u00f1alaron que este espacio est\u00e1 pensado para poder brindar atenci\u00f3n m\u00e9dica accesible, c\u00e1lida y humana a quienes m\u00e1s lo necesitan.<br><\/p>\n\n\n\n<p>Se\u00f1alaron que dentro de lo m\u00e1s importante para ellos como m\u00e9dicos y sus colaboradores el seguir al pie de la letra su lema: \u201cAtendemos personas, no enfermedades\u201d.<br><\/p>\n\n\n\n<p>El nombre de esta cl\u00ednica, mencionaron, nace en honor a la imagen cat\u00f3lica del Dulce Nombre de Jes\u00fas, venerada en Mexicaltzingo. Su prop\u00f3sito es claro: llevar atenci\u00f3n m\u00e9dica oportuna y de calidad a las comunidades que m\u00e1s lo necesitan.<br><\/p>\n\n\n\n<p>Ben\u00edtez Espinoza felicit\u00f3 a los colaboradores de la cl\u00ednica y a los doctores Vargas Ocampo y Manjarrez Lara, reconociendo su valiosa contribuci\u00f3n para mejorar los servicios de salud en Mexicaltzingo.<br><\/p>\n\n\n\n<p>Se\u00f1alaron que en la cl\u00ednica se contar\u00e1 con un equipo de especialistas en Pediatr\u00eda, Ginecolog\u00eda, Cardiolog\u00eda, Traumatolog\u00eda y Ortopedia<br><\/p>\n\n\n\n<p>Garantizaron que cada servicio ha sido dise\u00f1ado para ofrecer un trato cercano, profesional y con el compromiso de atender a cada paciente de manera integral.<br><\/p>\n\n\n\n<p>Con esta nueva apertura, Cl\u00ednica M\u00e9dica Dulce Nombre no solo abre sus puertas, sino tambi\u00e9n un camino hacia una atenci\u00f3n m\u00e1s humana y cercana, donde el coraz\u00f3n es parte fundamental de cada diagn\u00f3stico.<br><\/p>\n\n\n\n<p>La cl\u00ednica est\u00e1 ubicada en Mexicaltzingo, en la calle Oyameles casi esquina con Prisciliano D\u00edaz Gonz\u00e1lez, esta cl\u00ednica se convierte en un referente de salud integral para la regi\u00f3n.<\/p>\n","protected":false},"excerpt":{"rendered":"<p>Felicit\u00f3 a los colaboradores de la cl\u00ednica y a los doctores Vargas Ocampo y Manjarrez Lara, reconociendo su valiosa contribuci\u00f3n. La presidenta municipal de Mexicaltizingo, Saray Ben\u00edtez Espinosa, acompa\u00f1o a los doctores Lucero Vargas Ocampo y Enrique Manjarrez Lara en la inauguraci\u00f3n de la nueva Cl\u00ednica M\u00e9dica \u201cDulce Nombre\u201d. Durante el acto se\u00f1alaron que este [&hellip;]<\/p>\n","protected":false},"author":1,"featured_media":89699,"comment_status":"closed","ping_status":"closed","sticky":false,"template":"","format":"standard","meta":{"footnotes":""},"categories":[36],"tags":[],"class_list":["post-89698","post","type-post","status-publish","format-standard","has-post-thumbnail","hentry","category-edomex"],"_links":{"self":[{"href":"https:\/\/elinformante.mx\/index.php?rest_route=\/wp\/v2\/posts\/89698","targetHints":{"allow":["GET"]}}],"collection":[{"href":"https:\/\/elinformante.mx\/index.php?rest_route=\/wp\/v2\/posts"}],"about":[{"href":"https:\/\/elinformante.mx\/index.php?rest_route=\/wp\/v2\/types\/post"}],"author":[{"embeddable":true,"href":"https:\/\/elinformante.mx\/index.php?rest_route=\/wp\/v2\/users\/1"}],"replies":[{"embeddable":true,"href":"https:\/\/elinformante.mx\/index.php?rest_route=%2Fwp%2Fv2%2Fcomments&post=89698"}],"version-history":[{"count":0,"href":"https:\/\/elinformante.mx\/index.php?rest_route=\/wp\/v2\/posts\/89698\/revisions"}],"wp:featuredmedia":[{"embeddable":true,"href":"https:\/\/elinformante.mx\/index.php?rest_route=\/wp\/v2\/media\/89699"}],"wp:attachment":[{"href":"https:\/\/elinformante.mx\/index.php?rest_route=%2Fwp%2Fv2%2Fmedia&parent=89698"}],"wp:term":[{"taxonomy":"category","embeddable":true,"href":"https:\/\/elinformante.mx\/index.php?rest_route=%2Fwp%2Fv2%2Fcategories&post=89698"},{"taxonomy":"post_tag","embeddable":true,"href":"https:\/\/elinformante.mx\/index.php?rest_route=%2Fwp%2Fv2%2Ftags&post=89698"}],"curies":[{"name":"wp","href":"https:\/\/api.w.org\/{rel}","templated":true}]}}