{"id":89716,"date":"2025-08-04T06:50:56","date_gmt":"2025-08-04T12:50:56","guid":{"rendered":"https:\/\/elinformante.mx\/?p=89716"},"modified":"2025-08-04T06:51:19","modified_gmt":"2025-08-04T12:51:19","slug":"patricia-zarza-rectora-de-la-uaemex-se-reune-con-eeu-en-la-segunda-mesa-de-dialogo","status":"publish","type":"post","link":"https:\/\/elinformante.mx\/?p=89716","title":{"rendered":"Patricia Zarza, rectora de la UAEM\u00e9x, se re\u00fane con EEU en la segunda mesa de di\u00e1logo"},"content":{"rendered":"\n<figure class=\"wp-block-pullquote\"><blockquote><p>La rectora afirm\u00f3 que no habr\u00e1 criminalizaci\u00f3n contra estudiantes.<\/p><\/blockquote><\/figure>\n\n\n\n<p class=\"has-drop-cap\">Durante la segunda mesa de di\u00e1logo, la rectora de la Universidad Aut\u00f3noma del Estado de M\u00e9xico (UAEM\u00e9x), Patricia Zarza Delgado se reuni\u00f3 con integrantes del Enjambre Estudiantil Unificado (EEU) y present\u00f3 la propuesta de un plan de acci\u00f3n contra represalias en el que subray\u00f3 que no habr\u00e1 criminalizaci\u00f3n.<br><\/p>\n\n\n\n<p>Durante este segundo ejercicio realizado en la Casa de las Diligencias, la primera titular de la UAEM\u00e9x tambi\u00e9n dan seguimiento a los acuerdos establecidos en el primer di\u00e1logo, por lo que dicho plan de acci\u00f3n contempla el fortalecimiento del respeto a los derechos universitarios.<br><\/p>\n\n\n\n<p>Presentamos la propuesta para trabajar conjuntamente en un plan de acci\u00f3n, y damos seguimiento a los acuerdos previos, entre ellos la Iniciativa de Acuerdo Interinstitucional Universidad sin Represalias\u201d, comparti\u00f3.<br><\/p>\n\n\n\n<p>Este documento busca sentar las bases del principio de no represalia hacia integrantes del movimiento estudiantil, a trav\u00e9s de este pretenden abonar a la construcci\u00f3n de mecanismos institucionales de protecci\u00f3n y di\u00e1logo.<br><\/p>\n\n\n\n<p>\u201cEl compromiso con un di\u00e1logo abierto, respetuoso y constante sigue siendo la v\u00eda para avanzar hacia la Transformaci\u00f3n Universitaria\u201d.<br><\/p>\n\n\n\n<figure class=\"wp-block-image size-large\"><img fetchpriority=\"high\" decoding=\"async\" width=\"1024\" height=\"506\" src=\"https:\/\/elinformante.mx\/wp-content\/uploads\/2025\/08\/10uaemex-2-1-1024x506.jpg\" alt=\"\" class=\"wp-image-89718\" srcset=\"https:\/\/elinformante.mx\/wp-content\/uploads\/2025\/08\/10uaemex-2-1-1024x506.jpg 1024w, https:\/\/elinformante.mx\/wp-content\/uploads\/2025\/08\/10uaemex-2-1-300x148.jpg 300w, https:\/\/elinformante.mx\/wp-content\/uploads\/2025\/08\/10uaemex-2-1-768x379.jpg 768w, https:\/\/elinformante.mx\/wp-content\/uploads\/2025\/08\/10uaemex-2-1.jpg 1140w\" sizes=\"(max-width: 1024px) 100vw, 1024px\" \/><\/figure>\n\n\n\n<p>Mientras que integrantes de Enjambre Estudiantil Unificado (EEU) present\u00f3 solicitudes de destituci\u00f3n contra integrantes de la Preparatoria 1; de la Facultad de Lenguas; y de la Facultad de Turismo y Gastronom\u00eda por presuntos actos de acoso, abuso de poder y omisiones. Tambi\u00e9n exigieron que se realicen las investigaciones y sanciones correspondientes.<br><\/p>\n\n\n\n<p>Durante la reuni\u00f3n Zarza Delgado present\u00f3 una propuesta de recalendarizaci\u00f3n del semestre 2025B que puede extenderse hasta el 18 de agosto para asegurar el regreso a clases, mismo que contempla 16 semanas de actividades acad\u00e9micas.<br><\/p>\n\n\n\n<p>Plante\u00f3 que para estos espacios universitarios el inicio de semestre y el inicio de clases sea el 18 de agosto y culmine el 19 de diciembre, por lo que las primeras evaluaciones ser\u00edan del 6 al 14 de octubre y las segundas evaluaciones del 3 al 11 de diciembre.<br><\/p>\n\n\n\n<p>Mientras que los ex\u00e1menes ordinarios estar\u00edan programados del 15 al 19 de diciembre, los ex\u00e1menes extraordinarios del 7 al 12 de enero de 2026 y los ex\u00e1menes a t\u00edtulo de insuficiencia del 15 al 20 de enero de 2026.<br><\/p>\n\n\n\n<p>La rectora se\u00f1al\u00f3 que la diversidad de la inclusi\u00f3n refiere que cada espacio acad\u00e9mico decida, de acuerdo con sus necesidades espec\u00edficas, las condiciones y caracter\u00edsticas particulares.<\/p>\n","protected":false},"excerpt":{"rendered":"<p>La rectora afirm\u00f3 que no habr\u00e1 criminalizaci\u00f3n contra estudiantes. Durante la segunda mesa de di\u00e1logo, la rectora de la Universidad Aut\u00f3noma del Estado de M\u00e9xico (UAEM\u00e9x), Patricia Zarza Delgado se reuni\u00f3 con integrantes del Enjambre Estudiantil Unificado (EEU) y present\u00f3 la propuesta de un plan de acci\u00f3n contra represalias en el que subray\u00f3 que no [&hellip;]<\/p>\n","protected":false},"author":1,"featured_media":89717,"comment_status":"closed","ping_status":"closed","sticky":false,"template":"","format":"standard","meta":{"footnotes":""},"categories":[30,36],"tags":[],"class_list":["post-89716","post","type-post","status-publish","format-standard","has-post-thumbnail","hentry","category-destacado","category-edomex"],"_links":{"self":[{"href":"https:\/\/elinformante.mx\/index.php?rest_route=\/wp\/v2\/posts\/89716","targetHints":{"allow":["GET"]}}],"collection":[{"href":"https:\/\/elinformante.mx\/index.php?rest_route=\/wp\/v2\/posts"}],"about":[{"href":"https:\/\/elinformante.mx\/index.php?rest_route=\/wp\/v2\/types\/post"}],"author":[{"embeddable":true,"href":"https:\/\/elinformante.mx\/index.php?rest_route=\/wp\/v2\/users\/1"}],"replies":[{"embeddable":true,"href":"https:\/\/elinformante.mx\/index.php?rest_route=%2Fwp%2Fv2%2Fcomments&post=89716"}],"version-history":[{"count":0,"href":"https:\/\/elinformante.mx\/index.php?rest_route=\/wp\/v2\/posts\/89716\/revisions"}],"wp:featuredmedia":[{"embeddable":true,"href":"https:\/\/elinformante.mx\/index.php?rest_route=\/wp\/v2\/media\/89717"}],"wp:attachment":[{"href":"https:\/\/elinformante.mx\/index.php?rest_route=%2Fwp%2Fv2%2Fmedia&parent=89716"}],"wp:term":[{"taxonomy":"category","embeddable":true,"href":"https:\/\/elinformante.mx\/index.php?rest_route=%2Fwp%2Fv2%2Fcategories&post=89716"},{"taxonomy":"post_tag","embeddable":true,"href":"https:\/\/elinformante.mx\/index.php?rest_route=%2Fwp%2Fv2%2Ftags&post=89716"}],"curies":[{"name":"wp","href":"https:\/\/api.w.org\/{rel}","templated":true}]}}