{"id":89723,"date":"2025-08-04T06:57:36","date_gmt":"2025-08-04T12:57:36","guid":{"rendered":"https:\/\/elinformante.mx\/?p=89723"},"modified":"2025-08-04T06:57:39","modified_gmt":"2025-08-04T12:57:39","slug":"gem-blinda-la-salud-de-miles-de-familias-con-nueva-camara-fria-para-400-mil-vacunas","status":"publish","type":"post","link":"https:\/\/elinformante.mx\/?p=89723","title":{"rendered":"GEM blinda la salud de miles de familias con nueva c\u00e1mara fr\u00eda para 400 mil vacunas"},"content":{"rendered":"\n<figure class=\"wp-block-pullquote\"><blockquote><p>-Esta tecnolog\u00eda de vanguardia podr\u00e1 mantener la calidad y seguridad de los biol\u00f3gicos, garantizando la protecci\u00f3n a poblaci\u00f3n infantil, adulta y mujeres embarazadas<\/p><\/blockquote><\/figure>\n\n\n\n<p class=\"has-drop-cap\">Con la firme convicci\u00f3n de proteger la salud de las familias mexiquenses, el Gobierno de la Maestra Delfina G\u00f3mez \u00c1lvarez, inaugur\u00f3 una moderna c\u00e1mara fr\u00eda que fortalecer\u00e1 la cadena de fr\u00edo y garantizar\u00e1 la calidad de las vacunas que se aplican en el Estado de M\u00e9xico.<br><\/p>\n\n\n\n<p>Este nuevo equipamiento, con capacidad para almacenar hasta 400 mil dosis a temperaturas controladas de entre 2 y 8 grados cent\u00edgrados, permitir\u00e1 mantener la seguridad y efectividad de los biol\u00f3gicos, prevenir enfermedades y ampliar la cobertura de vacunaci\u00f3n en grupos prioritarios como ni\u00f1as, ni\u00f1os, personas adultas y mujeres embarazadas.<br><\/p>\n\n\n\n<figure class=\"wp-block-image size-large\"><img fetchpriority=\"high\" decoding=\"async\" width=\"1024\" height=\"506\" src=\"https:\/\/elinformante.mx\/wp-content\/uploads\/2025\/08\/7gem-2-1024x506.jpg\" alt=\"\" class=\"wp-image-89725\" srcset=\"https:\/\/elinformante.mx\/wp-content\/uploads\/2025\/08\/7gem-2-1024x506.jpg 1024w, https:\/\/elinformante.mx\/wp-content\/uploads\/2025\/08\/7gem-2-300x148.jpg 300w, https:\/\/elinformante.mx\/wp-content\/uploads\/2025\/08\/7gem-2-768x379.jpg 768w, https:\/\/elinformante.mx\/wp-content\/uploads\/2025\/08\/7gem-2.jpg 1140w\" sizes=\"(max-width: 1024px) 100vw, 1024px\" \/><\/figure>\n\n\n\n<p>Macarena Montoya Olvera, Secretaria de Salud estatal, detall\u00f3 que esta c\u00e1mara fr\u00eda, con dimensiones de 10 x 4 x 4 metros, es parte de la infraestructura que respalda el resguardo anual de 8.5 millones de dosis del Esquema de Vacunaci\u00f3n Universal, el cual protege contra enfermedades como COVID-19 y sarampi\u00f3n, entre otras prevenibles por vacunaci\u00f3n.<br><\/p>\n\n\n\n<p>En el acto inaugural participaron el Subdirector de Epidemiolog\u00eda del Instituto de Salud del Estado de M\u00e9xico (ISEM), Marco Antonio Montes de Oca Gonz\u00e1lez; la Secretaria T\u00e9cnica del Consejo de Salud estatal, Itzel Mart\u00ednez Pe\u00f1a; as\u00ed como directivos del Almac\u00e9n Toluca de esta instituci\u00f3n.<br><\/p>\n\n\n\n<p>Con esta acci\u00f3n, el Gobierno del Estado de M\u00e9xico consolida su compromiso de ofrecer servicios m\u00e9dicos de calidad, garantizar vacunas seguras y proteger la salud de cada mexiquense, desde el momento en que el biol\u00f3gico llega al almac\u00e9n hasta su aplicaci\u00f3n en las unidades de salud por personal capacitado.<\/p>\n","protected":false},"excerpt":{"rendered":"<p>-Esta tecnolog\u00eda de vanguardia podr\u00e1 mantener la calidad y seguridad de los biol\u00f3gicos, garantizando la protecci\u00f3n a poblaci\u00f3n infantil, adulta y mujeres embarazadas Con la firme convicci\u00f3n de proteger la salud de las familias mexiquenses, el Gobierno de la Maestra Delfina G\u00f3mez \u00c1lvarez, inaugur\u00f3 una moderna c\u00e1mara fr\u00eda que fortalecer\u00e1 la cadena de fr\u00edo y [&hellip;]<\/p>\n","protected":false},"author":1,"featured_media":89724,"comment_status":"closed","ping_status":"closed","sticky":false,"template":"","format":"standard","meta":{"footnotes":""},"categories":[30,36],"tags":[],"class_list":["post-89723","post","type-post","status-publish","format-standard","has-post-thumbnail","hentry","category-destacado","category-edomex"],"_links":{"self":[{"href":"https:\/\/elinformante.mx\/index.php?rest_route=\/wp\/v2\/posts\/89723","targetHints":{"allow":["GET"]}}],"collection":[{"href":"https:\/\/elinformante.mx\/index.php?rest_route=\/wp\/v2\/posts"}],"about":[{"href":"https:\/\/elinformante.mx\/index.php?rest_route=\/wp\/v2\/types\/post"}],"author":[{"embeddable":true,"href":"https:\/\/elinformante.mx\/index.php?rest_route=\/wp\/v2\/users\/1"}],"replies":[{"embeddable":true,"href":"https:\/\/elinformante.mx\/index.php?rest_route=%2Fwp%2Fv2%2Fcomments&post=89723"}],"version-history":[{"count":0,"href":"https:\/\/elinformante.mx\/index.php?rest_route=\/wp\/v2\/posts\/89723\/revisions"}],"wp:featuredmedia":[{"embeddable":true,"href":"https:\/\/elinformante.mx\/index.php?rest_route=\/wp\/v2\/media\/89724"}],"wp:attachment":[{"href":"https:\/\/elinformante.mx\/index.php?rest_route=%2Fwp%2Fv2%2Fmedia&parent=89723"}],"wp:term":[{"taxonomy":"category","embeddable":true,"href":"https:\/\/elinformante.mx\/index.php?rest_route=%2Fwp%2Fv2%2Fcategories&post=89723"},{"taxonomy":"post_tag","embeddable":true,"href":"https:\/\/elinformante.mx\/index.php?rest_route=%2Fwp%2Fv2%2Ftags&post=89723"}],"curies":[{"name":"wp","href":"https:\/\/api.w.org\/{rel}","templated":true}]}}