{"id":89745,"date":"2025-08-04T07:27:03","date_gmt":"2025-08-04T13:27:03","guid":{"rendered":"https:\/\/elinformante.mx\/?p=89745"},"modified":"2025-08-04T07:29:23","modified_gmt":"2025-08-04T13:29:23","slug":"en-cdmx-programa-muevete-en-bici-logra-record-de-asistencia-con-140-mil-visitantes","status":"publish","type":"post","link":"https:\/\/elinformante.mx\/?p=89745","title":{"rendered":"En CDMX programa \u201cMu\u00e9vete en Bici\u201d logra r\u00e9cord de asistencia con 140 mil visitantes"},"content":{"rendered":"\n<figure class=\"wp-block-pullquote\"><blockquote><p>\u201cMu\u00e9vete en Bici\u201d se realiza todos los domingos del mes, con excepci\u00f3n del \u00faltimo, en un horario de 08:00 a 14:00 horas.<\/p><\/blockquote><\/figure>\n\n\n\n<p class=\"has-drop-cap\">La Secretar\u00eda de Movilidad (SEMOVI) informa que el Paseo Dominical \u201cMu\u00e9vete en Bici\u201d de este fin de semana rompi\u00f3 r\u00e9cord de asistencia al registrar 144 mil 486 ciclistas, patinadores y peatones que disfrutaron una ruta de 61 kil\u00f3metros en algunas de las principales calles y avenidas de nuestra ciudad.<br><\/p>\n\n\n\n<p>Entre las actividades destacan la Biciescuela CDMX, recorridos para personas con discapacidad, clases de yoga, taichi, baile fitness, carpas de informaci\u00f3n sobre la salud y toma de signos vitales, jornadas de seguridad y educaci\u00f3n vial, clases de roller y pr\u00e9stamo de bicicletas.<br><\/p>\n\n\n\n<p>Al inicio de la administraci\u00f3n el r\u00e9cord era de alrededor de 100 mil asistentes, el aumento ha sido significativo e indica que semana a semana miles de capitalinas y capitalinos lo adoptan como suyo.<br><\/p>\n\n\n\n<p>El Paseo Dominical beneficia a 59 colonias pertenecientes a las alcald\u00edas Cuauht\u00e9moc, Miguel Hidalgo, Gustavo A. Madero, Coyoac\u00e1n, Venustiano Carranza y Benito Ju\u00e1rez, lo que lo convierte en una de las m\u00e1s importantes actividades recreativas de la capital durante los fines de semana.<br><\/p>\n\n\n\n<p>Se le recuerda a las personas que &#8220;Mu\u00e9vete en Bici\u201d se realiza todos los domingos del mes, con excepci\u00f3n del \u00faltimo, en un horario de 08:00 a 14:00 horas.<br><\/p>\n\n\n\n<p>Finalmente, la SEMOVI y el equipo del Paseo Dominical \u201cMu\u00e9vete en Bici\u201d agradecen a las y los visitantes que deciden rodar y aventurarse a explorar la urbe de una manera segura, c\u00f3moda, libre, divertida y sustentable, as\u00ed como a las dependencias e instituciones que lo hacen posible.<\/p>\n","protected":false},"excerpt":{"rendered":"<p>\u201cMu\u00e9vete en Bici\u201d se realiza todos los domingos del mes, con excepci\u00f3n del \u00faltimo, en un horario de 08:00 a 14:00 horas. La Secretar\u00eda de Movilidad (SEMOVI) informa que el Paseo Dominical \u201cMu\u00e9vete en Bici\u201d de este fin de semana rompi\u00f3 r\u00e9cord de asistencia al registrar 144 mil 486 ciclistas, patinadores y peatones que disfrutaron [&hellip;]<\/p>\n","protected":false},"author":1,"featured_media":89746,"comment_status":"closed","ping_status":"closed","sticky":false,"template":"","format":"standard","meta":{"footnotes":""},"categories":[35],"tags":[],"class_list":["post-89745","post","type-post","status-publish","format-standard","has-post-thumbnail","hentry","category-cdmx"],"_links":{"self":[{"href":"https:\/\/elinformante.mx\/index.php?rest_route=\/wp\/v2\/posts\/89745","targetHints":{"allow":["GET"]}}],"collection":[{"href":"https:\/\/elinformante.mx\/index.php?rest_route=\/wp\/v2\/posts"}],"about":[{"href":"https:\/\/elinformante.mx\/index.php?rest_route=\/wp\/v2\/types\/post"}],"author":[{"embeddable":true,"href":"https:\/\/elinformante.mx\/index.php?rest_route=\/wp\/v2\/users\/1"}],"replies":[{"embeddable":true,"href":"https:\/\/elinformante.mx\/index.php?rest_route=%2Fwp%2Fv2%2Fcomments&post=89745"}],"version-history":[{"count":0,"href":"https:\/\/elinformante.mx\/index.php?rest_route=\/wp\/v2\/posts\/89745\/revisions"}],"wp:featuredmedia":[{"embeddable":true,"href":"https:\/\/elinformante.mx\/index.php?rest_route=\/wp\/v2\/media\/89746"}],"wp:attachment":[{"href":"https:\/\/elinformante.mx\/index.php?rest_route=%2Fwp%2Fv2%2Fmedia&parent=89745"}],"wp:term":[{"taxonomy":"category","embeddable":true,"href":"https:\/\/elinformante.mx\/index.php?rest_route=%2Fwp%2Fv2%2Fcategories&post=89745"},{"taxonomy":"post_tag","embeddable":true,"href":"https:\/\/elinformante.mx\/index.php?rest_route=%2Fwp%2Fv2%2Ftags&post=89745"}],"curies":[{"name":"wp","href":"https:\/\/api.w.org\/{rel}","templated":true}]}}