{"id":90194,"date":"2025-08-08T06:09:53","date_gmt":"2025-08-08T12:09:53","guid":{"rendered":"https:\/\/elinformante.mx\/?p=90194"},"modified":"2025-08-13T17:33:44","modified_gmt":"2025-08-13T23:33:44","slug":"se-inaugura-el-sexto-comedor-comunitario-en-el-hipico-metepec","status":"publish","type":"post","link":"https:\/\/elinformante.mx\/?p=90194","title":{"rendered":"Se inaugura el sexto Comedor Comunitario en El H\u00edpico, Metepec"},"content":{"rendered":"\n<figure class=\"wp-block-pullquote\"><blockquote><p>Este nuevo comedor se suma a los cinco ya rehabilitados en la presente administraci\u00f3n y es el primero de otros cinco que se proyecta inaugurar en los pr\u00f3ximos meses.<\/p><\/blockquote><\/figure>\n\n\n\n<p class=\"has-drop-cap\">El gobierno de Metepec, encabezado por el presidente Fernando Flores Fern\u00e1ndez, sigue comprometido con seguir trabajando en el fortalecimiento del derecho a la alimentaci\u00f3n y brindar apoyo a las familias en situaci\u00f3n de vulnerabilidad,<br><\/p>\n\n\n\n<p>En esta ocasi\u00f3n la presidenta honor\u00edfica del DIF municipal, Ira\u00ed Albarr\u00e1n Segura, fue la encargada de inaugurar el sexto Comedor Comunitario, ubicado en la colonia El H\u00edpico.<br><\/p>\n\n\n\n<p>En representaci\u00f3n del alcalde Fernando Flores Fern\u00e1ndez, destac\u00f3 que este espacio busca ofrecer alimentos nutritivos y de calidad a bajo costo, convirtiendo la alimentaci\u00f3n en un derecho y no en un privilegio.<br><\/p>\n\n\n\n<figure class=\"wp-block-image size-large\"><img fetchpriority=\"high\" decoding=\"async\" width=\"1024\" height=\"506\" src=\"https:\/\/elinformante.mx\/wp-content\/uploads\/2025\/08\/11metepec-2-2-1024x506.jpg\" alt=\"\" class=\"wp-image-90196\" srcset=\"https:\/\/elinformante.mx\/wp-content\/uploads\/2025\/08\/11metepec-2-2-1024x506.jpg 1024w, https:\/\/elinformante.mx\/wp-content\/uploads\/2025\/08\/11metepec-2-2-300x148.jpg 300w, https:\/\/elinformante.mx\/wp-content\/uploads\/2025\/08\/11metepec-2-2-768x379.jpg 768w, https:\/\/elinformante.mx\/wp-content\/uploads\/2025\/08\/11metepec-2-2.jpg 1140w\" sizes=\"(max-width: 1024px) 100vw, 1024px\" \/><\/figure>\n\n\n\n<p>Este nuevo comedor se suma a los cinco ya rehabilitados en la presente administraci\u00f3n y es el primero de otros cinco que se proyecta inaugurar en los pr\u00f3ximos meses, en cumplimiento con el compromiso asumido por el presidente municipal.<br><\/p>\n\n\n\n<p>Se\u00f1al\u00f3 que este proyecto fue posible gracias al trabajo coordinado entre el gobierno municipal, la comunidad y personas que han aportado recursos y tiempo para su puesta en marcha. Adem\u00e1s de servir comidas calientes y nutritivas, el comedor busca ser un espacio de convivencia y apoyo mutuo para adultos mayores, ni\u00f1os y madres de familia.<br><\/p>\n\n\n\n<p>Ira\u00ed Albarr\u00e1n reiter\u00f3 que este programa social es parte de una pol\u00edtica p\u00fablica con visi\u00f3n de futuro y responsabilidad social, liderada por el alcalde Fernando Flores.<br><\/p>\n\n\n\n<p>\u201cCuando una comunidad se une con amor y voluntad, hay futuro\u201d, afirm\u00f3.<\/p>\n","protected":false},"excerpt":{"rendered":"<p>Este nuevo comedor se suma a los cinco ya rehabilitados en la presente administraci\u00f3n y es el primero de otros cinco que se proyecta inaugurar en los pr\u00f3ximos meses. El gobierno de Metepec, encabezado por el presidente Fernando Flores Fern\u00e1ndez, sigue comprometido con seguir trabajando en el fortalecimiento del derecho a la alimentaci\u00f3n y brindar [&hellip;]<\/p>\n","protected":false},"author":1,"featured_media":90195,"comment_status":"closed","ping_status":"closed","sticky":false,"template":"","format":"standard","meta":{"footnotes":""},"categories":[36],"tags":[],"class_list":["post-90194","post","type-post","status-publish","format-standard","has-post-thumbnail","hentry","category-edomex"],"_links":{"self":[{"href":"https:\/\/elinformante.mx\/index.php?rest_route=\/wp\/v2\/posts\/90194","targetHints":{"allow":["GET"]}}],"collection":[{"href":"https:\/\/elinformante.mx\/index.php?rest_route=\/wp\/v2\/posts"}],"about":[{"href":"https:\/\/elinformante.mx\/index.php?rest_route=\/wp\/v2\/types\/post"}],"author":[{"embeddable":true,"href":"https:\/\/elinformante.mx\/index.php?rest_route=\/wp\/v2\/users\/1"}],"replies":[{"embeddable":true,"href":"https:\/\/elinformante.mx\/index.php?rest_route=%2Fwp%2Fv2%2Fcomments&post=90194"}],"version-history":[{"count":0,"href":"https:\/\/elinformante.mx\/index.php?rest_route=\/wp\/v2\/posts\/90194\/revisions"}],"wp:featuredmedia":[{"embeddable":true,"href":"https:\/\/elinformante.mx\/index.php?rest_route=\/wp\/v2\/media\/90195"}],"wp:attachment":[{"href":"https:\/\/elinformante.mx\/index.php?rest_route=%2Fwp%2Fv2%2Fmedia&parent=90194"}],"wp:term":[{"taxonomy":"category","embeddable":true,"href":"https:\/\/elinformante.mx\/index.php?rest_route=%2Fwp%2Fv2%2Fcategories&post=90194"},{"taxonomy":"post_tag","embeddable":true,"href":"https:\/\/elinformante.mx\/index.php?rest_route=%2Fwp%2Fv2%2Ftags&post=90194"}],"curies":[{"name":"wp","href":"https:\/\/api.w.org\/{rel}","templated":true}]}}