{"id":90204,"date":"2025-08-08T06:20:50","date_gmt":"2025-08-08T12:20:50","guid":{"rendered":"https:\/\/elinformante.mx\/?p=90204"},"modified":"2025-08-13T17:37:38","modified_gmt":"2025-08-13T23:37:38","slug":"continua-uaemex-con-un-dialogo-abierto-y-soluciones-concretas-patricia-zarza","status":"publish","type":"post","link":"https:\/\/elinformante.mx\/?p=90204","title":{"rendered":"Contin\u00faa UAEM\u00e9x con un di\u00e1logo abierto y soluciones concretas: Patricia Zarza"},"content":{"rendered":"\n<figure class=\"wp-block-pullquote\"><blockquote><p>Se establecer\u00e1n mejoras de infraestructura y fortalecimiento acad\u00e9mico en beneficio del estudiantado.<\/p><\/blockquote><\/figure>\n\n\n\n<p class=\"has-drop-cap\">Como parte de los encuentros sostenidos con asambleas estudiantiles, la rectora de la Universidad Aut\u00f3noma del Estado de M\u00e9xico (UAEM\u00e9x), Dra. Martha Patricia Zarza Delgado, sostuvo una reuni\u00f3n con la comunidad de la Facultad de Ciencias Pol\u00edticas y Sociales, con el objetivo de escuchar, dialogar y avanzar en soluciones concretas a las demandas planteadas.<br><\/p>\n\n\n\n<p>Uno de los acuerdos fue la pr\u00f3rroga para el pago de cuotas escolares, la cual se extender\u00e1 hasta el 18 de agosto, con el fin de apoyar la econom\u00eda de las y los estudiantes y evitar afectaciones en su trayectoria acad\u00e9mica.<br><\/p>\n\n\n\n<p>Tambi\u00e9n acordaron mejorar el alumbrado en las instalaciones, reforzar el sistema de c\u00e1maras de videovigilancia, intervenir la infraestructura de las aulas, continuar con los trabajos de impermeabilizaci\u00f3n y avanzar en la adecuaci\u00f3n de espacios incluyentes dentro de la facultad.<br><\/p>\n\n\n\n<p>Zarza Delgado inform\u00f3 que, como parte de los acuerdos inmediatos para avanzar en la atenci\u00f3n a las demandas, a partir de hoy se iniciar\u00e1 la instalaci\u00f3n de c\u00e1maras de seguridad y se llevar\u00e1 a cabo la fumigaci\u00f3n de la biblioteca, respondiendo as\u00ed a peticiones espec\u00edficas de la comunidad estudiantil.<br><\/p>\n\n\n\n<p>Tambi\u00e9n se acord\u00f3 fortalecer la difusi\u00f3n de actividades acad\u00e9micas y culturales, instalar un buz\u00f3n de quejas y sugerencias para mantener un canal abierto de comunicaci\u00f3n con las y los estudiantes, y reactivar el laboratorio de pol\u00edticas p\u00fablicas, con el objetivo de impulsar su funci\u00f3n como espacio de an\u00e1lisis y formaci\u00f3n universitaria.<br><\/p>\n\n\n\n<figure class=\"wp-block-image size-large\"><img fetchpriority=\"high\" decoding=\"async\" width=\"1024\" height=\"506\" src=\"https:\/\/elinformante.mx\/wp-content\/uploads\/2025\/08\/10uaemex-2-4-1024x506.jpg\" alt=\"\" class=\"wp-image-90206\" srcset=\"https:\/\/elinformante.mx\/wp-content\/uploads\/2025\/08\/10uaemex-2-4-1024x506.jpg 1024w, https:\/\/elinformante.mx\/wp-content\/uploads\/2025\/08\/10uaemex-2-4-300x148.jpg 300w, https:\/\/elinformante.mx\/wp-content\/uploads\/2025\/08\/10uaemex-2-4-768x379.jpg 768w, https:\/\/elinformante.mx\/wp-content\/uploads\/2025\/08\/10uaemex-2-4.jpg 1140w\" sizes=\"(max-width: 1024px) 100vw, 1024px\" \/><\/figure>\n\n\n\n<p>Durante la reuni\u00f3n con estudiantes de la Facultad de Odontolog\u00eda una de las principales demandas que expusieron a la Rectora fue la atenci\u00f3n a las condiciones de infraestructura de la facultad.<br><\/p>\n\n\n\n<p>Tambi\u00e9n se pidi\u00f3 dar seguimiento a temas como la reparaci\u00f3n de tuber\u00edas en laboratorios, el mejoramiento de espacios cl\u00ednicos y el equipamiento necesario para garantizar un desempe\u00f1o acad\u00e9mico y profesional en condiciones dignas y seguras.<br><\/p>\n\n\n\n<p>Durante el di\u00e1logo, se acord\u00f3 revisar y actualizar los botiquines de primeros auxilios, asegurando que cuenten con insumos correctos y medicamentos vigentes. Asimismo, se solicit\u00f3 la gesti\u00f3n de especialistas capacitados para el manejo del carro rojo, como medida esencial de seguridad en la atenci\u00f3n cl\u00ednica.<br><\/p>\n\n\n\n<p>Las y los estudiantes tambi\u00e9n hicieron \u00e9nfasis en la importancia de contar con docentes competentes, con actualizaci\u00f3n constante y preparaci\u00f3n adecuada para acompa\u00f1ar su formaci\u00f3n profesional de manera integral. Esta solicitud busca fortalecer la calidad acad\u00e9mica y asegurar una ense\u00f1anza acorde a las exigencias actuales del \u00e1mbito cl\u00ednico y universitario.<br><\/p>\n\n\n\n<p>La rectora Zarza Delgado reiter\u00f3 que su administraci\u00f3n continuar\u00e1 recorriendo las distintas facultades y centros universitarios, promoviendo espacios de escucha activa donde el di\u00e1logo y la participaci\u00f3n estudiantil gu\u00eden la transformaci\u00f3n institucional.<br><\/p>\n\n\n\n<p>Estas reuniones forman parte de la nueva etapa de la Universidad para mantener canales abiertos con la comunidad universitaria, con el prop\u00f3sito de identificar necesidades, construir soluciones y dar seguimiento puntual a las problem\u00e1ticas que enfrenta el estudiantado.<\/p>\n","protected":false},"excerpt":{"rendered":"<p>Se establecer\u00e1n mejoras de infraestructura y fortalecimiento acad\u00e9mico en beneficio del estudiantado. Como parte de los encuentros sostenidos con asambleas estudiantiles, la rectora de la Universidad Aut\u00f3noma del Estado de M\u00e9xico (UAEM\u00e9x), Dra. Martha Patricia Zarza Delgado, sostuvo una reuni\u00f3n con la comunidad de la Facultad de Ciencias Pol\u00edticas y Sociales, con el objetivo de [&hellip;]<\/p>\n","protected":false},"author":1,"featured_media":90205,"comment_status":"closed","ping_status":"closed","sticky":false,"template":"","format":"standard","meta":{"footnotes":""},"categories":[30,36],"tags":[],"class_list":["post-90204","post","type-post","status-publish","format-standard","has-post-thumbnail","hentry","category-destacado","category-edomex"],"_links":{"self":[{"href":"https:\/\/elinformante.mx\/index.php?rest_route=\/wp\/v2\/posts\/90204","targetHints":{"allow":["GET"]}}],"collection":[{"href":"https:\/\/elinformante.mx\/index.php?rest_route=\/wp\/v2\/posts"}],"about":[{"href":"https:\/\/elinformante.mx\/index.php?rest_route=\/wp\/v2\/types\/post"}],"author":[{"embeddable":true,"href":"https:\/\/elinformante.mx\/index.php?rest_route=\/wp\/v2\/users\/1"}],"replies":[{"embeddable":true,"href":"https:\/\/elinformante.mx\/index.php?rest_route=%2Fwp%2Fv2%2Fcomments&post=90204"}],"version-history":[{"count":0,"href":"https:\/\/elinformante.mx\/index.php?rest_route=\/wp\/v2\/posts\/90204\/revisions"}],"wp:featuredmedia":[{"embeddable":true,"href":"https:\/\/elinformante.mx\/index.php?rest_route=\/wp\/v2\/media\/90205"}],"wp:attachment":[{"href":"https:\/\/elinformante.mx\/index.php?rest_route=%2Fwp%2Fv2%2Fmedia&parent=90204"}],"wp:term":[{"taxonomy":"category","embeddable":true,"href":"https:\/\/elinformante.mx\/index.php?rest_route=%2Fwp%2Fv2%2Fcategories&post=90204"},{"taxonomy":"post_tag","embeddable":true,"href":"https:\/\/elinformante.mx\/index.php?rest_route=%2Fwp%2Fv2%2Ftags&post=90204"}],"curies":[{"name":"wp","href":"https:\/\/api.w.org\/{rel}","templated":true}]}}