{"id":90217,"date":"2025-08-08T06:44:24","date_gmt":"2025-08-08T12:44:24","guid":{"rendered":"https:\/\/elinformante.mx\/?p=90217"},"modified":"2025-08-13T17:37:14","modified_gmt":"2025-08-13T23:37:14","slug":"manuel-vilchis-anuncia-la-feria-del-marisco-en-san-luis-mextepec","status":"publish","type":"post","link":"https:\/\/elinformante.mx\/?p=90217","title":{"rendered":"Manuel Vilchis anuncia la Feria del Marisco en San Luis Mextepec"},"content":{"rendered":"\n<figure class=\"wp-block-pullquote\"><blockquote><p>El presidente municipal se\u00f1al\u00f3 que esta edici\u00f3n se llevar\u00e1 a cabo los d\u00edas 22, 23 y 24 de agosto.<\/p><\/blockquote><\/figure>\n\n\n\n<p class=\"has-drop-cap\">El presidente municipal de Zinacantepec, Manuel Vilchis Viveros, junto a empresarios, regidores y directores del ayuntamiento dieron a conocer los pormenores de la Feria del Marisco San Luis Mextepec 2025.<br><\/p>\n\n\n\n<p>En esta edici\u00f3n participar\u00e1n alrededor de 80 comerciantes de pescados y mariscos, que ofrecer\u00e1n a los visitantes la venta de platillos como truchas, sopa de mariscos, c\u00f3cteles, empanadas, aguachiles, y otros con productos del mar; productos que aseguraron son de calidad y a precios competitivos.<br><\/p>\n\n\n\n<figure class=\"wp-block-image size-large\"><img fetchpriority=\"high\" decoding=\"async\" width=\"1024\" height=\"506\" src=\"https:\/\/elinformante.mx\/wp-content\/uploads\/2025\/08\/8zina-7-1024x506.jpg\" alt=\"\" class=\"wp-image-90219\" srcset=\"https:\/\/elinformante.mx\/wp-content\/uploads\/2025\/08\/8zina-7-1024x506.jpg 1024w, https:\/\/elinformante.mx\/wp-content\/uploads\/2025\/08\/8zina-7-300x148.jpg 300w, https:\/\/elinformante.mx\/wp-content\/uploads\/2025\/08\/8zina-7-768x379.jpg 768w, https:\/\/elinformante.mx\/wp-content\/uploads\/2025\/08\/8zina-7.jpg 1140w\" sizes=\"(max-width: 1024px) 100vw, 1024px\" \/><\/figure>\n\n\n\n<p>Durante la conferencia de prensa, Manuel Vilchis se\u00f1al\u00f3 que esta feria naci\u00f3 y creci\u00f3 con un prop\u00f3sito claro: detonar la econom\u00eda de Zinacantepec y abrir m\u00e1s oportunidades para las familias.<br><\/p>\n\n\n\n<p>Agradeci\u00f3 a todos aquellos que participar\u00e1n en esta edici\u00f3n, desde restauranteros, marisqueros, comerciantes, as\u00ed como a los medios de comunicaci\u00f3n por su respaldo y entusiasmo.<br><\/p>\n\n\n\n<p>Se\u00f1al\u00f3 Vilchis Viveros que se espera una afluencia de 20 mil personas, autoridades municipales y organizadores estiman una derrama econ\u00f3mica de entre 6 y 10 millones de pesos, superando la cifra del a\u00f1o pasado. Adem\u00e1s de la venta directa de mariscos y productos derivados, se promover\u00e1 el consumo local y la reactivaci\u00f3n de la econom\u00eda regional.<br><\/p>\n\n\n\n<figure class=\"wp-block-image size-large\"><img decoding=\"async\" width=\"1024\" height=\"506\" src=\"https:\/\/elinformante.mx\/wp-content\/uploads\/2025\/08\/8zina-6-1024x506.jpg\" alt=\"\" class=\"wp-image-90220\" srcset=\"https:\/\/elinformante.mx\/wp-content\/uploads\/2025\/08\/8zina-6-1024x506.jpg 1024w, https:\/\/elinformante.mx\/wp-content\/uploads\/2025\/08\/8zina-6-300x148.jpg 300w, https:\/\/elinformante.mx\/wp-content\/uploads\/2025\/08\/8zina-6-768x379.jpg 768w, https:\/\/elinformante.mx\/wp-content\/uploads\/2025\/08\/8zina-6.jpg 1140w\" sizes=\"(max-width: 1024px) 100vw, 1024px\" \/><\/figure>\n\n\n\n<p>El evento tambi\u00e9n incluir\u00e1 la tradicional carrera del marisco 2025, programada para el domingo 24 de agosto, y actividades para toda la familia.<br><\/p>\n\n\n\n<p>Para garantizar la seguridad durante los tres d\u00edas del evento, se desplegar\u00e1n m\u00e1s de 110 elementos de seguridad entre polic\u00eda municipal, Secretar\u00eda de Seguridad del Estado de M\u00e9xico, vigilancia privada y personal de monitoreo. Se implementar\u00e1n patrullajes, rondines en c\u00e9lulas m\u00f3viles y vigilancia en puntos clave como Insurgentes y P\u00edpila.<br><\/p>\n\n\n\n<p>La feria no solo ofrecer\u00e1 una experiencia culinaria, sino tambi\u00e9n un programa art\u00edstico y cultural que incluye:<br><\/p>\n\n\n\n<figure class=\"wp-block-image size-large\"><img decoding=\"async\" width=\"1024\" height=\"506\" src=\"https:\/\/elinformante.mx\/wp-content\/uploads\/2025\/08\/8zina-3-1024x506.jpg\" alt=\"\" class=\"wp-image-90221\" srcset=\"https:\/\/elinformante.mx\/wp-content\/uploads\/2025\/08\/8zina-3-1024x506.jpg 1024w, https:\/\/elinformante.mx\/wp-content\/uploads\/2025\/08\/8zina-3-300x148.jpg 300w, https:\/\/elinformante.mx\/wp-content\/uploads\/2025\/08\/8zina-3-768x379.jpg 768w, https:\/\/elinformante.mx\/wp-content\/uploads\/2025\/08\/8zina-3.jpg 1140w\" sizes=\"(max-width: 1024px) 100vw, 1024px\" \/><\/figure>\n\n\n\n<p>Presentaciones de danza tradicional Concurso del \u201cRey de la Empanada\u201d, Carreras de meseros en tacones, Exhibiciones de lucha libre y Representaci\u00f3n de la Guelaguetza oaxaque\u00f1a.<br><\/p>\n\n\n\n<p>Los organizadores destacaron que el evento busca consolidar a Zinacantepec como un referente en la promoci\u00f3n de la gastronom\u00eda marina, la cultura local y el desarrollo econ\u00f3mico.<br><\/p>\n\n\n\n<p>La 12.\u00aa Feria del Marisco de Zinacantepec se perfila como una de las m\u00e1s grandes y ambiciosas hasta ahora. Con m\u00e1s sedes, expositores, actividades culturales y operativos de seguridad, el evento promete ser una experiencia integral que beneficiar\u00e1 tanto a comerciantes como a visitantes locales y for\u00e1neos.<\/p>\n\n\n\n<figure class=\"wp-block-image size-large\"><img loading=\"lazy\" decoding=\"async\" width=\"1024\" height=\"506\" src=\"https:\/\/elinformante.mx\/wp-content\/uploads\/2025\/08\/8zina-4-1024x506.jpg\" alt=\"\" class=\"wp-image-90222\" srcset=\"https:\/\/elinformante.mx\/wp-content\/uploads\/2025\/08\/8zina-4-1024x506.jpg 1024w, https:\/\/elinformante.mx\/wp-content\/uploads\/2025\/08\/8zina-4-300x148.jpg 300w, https:\/\/elinformante.mx\/wp-content\/uploads\/2025\/08\/8zina-4-768x379.jpg 768w, https:\/\/elinformante.mx\/wp-content\/uploads\/2025\/08\/8zina-4.jpg 1140w\" sizes=\"(max-width: 1024px) 100vw, 1024px\" \/><\/figure>\n","protected":false},"excerpt":{"rendered":"<p>El presidente municipal se\u00f1al\u00f3 que esta edici\u00f3n se llevar\u00e1 a cabo los d\u00edas 22, 23 y 24 de agosto. El presidente municipal de Zinacantepec, Manuel Vilchis Viveros, junto a empresarios, regidores y directores del ayuntamiento dieron a conocer los pormenores de la Feria del Marisco San Luis Mextepec 2025. En esta edici\u00f3n participar\u00e1n alrededor de [&hellip;]<\/p>\n","protected":false},"author":1,"featured_media":90218,"comment_status":"closed","ping_status":"closed","sticky":false,"template":"","format":"standard","meta":{"footnotes":""},"categories":[30,36,31],"tags":[46],"class_list":["post-90217","post","type-post","status-publish","format-standard","has-post-thumbnail","hentry","category-destacado","category-edomex","category-portada","tag-portadaedomex"],"_links":{"self":[{"href":"https:\/\/elinformante.mx\/index.php?rest_route=\/wp\/v2\/posts\/90217","targetHints":{"allow":["GET"]}}],"collection":[{"href":"https:\/\/elinformante.mx\/index.php?rest_route=\/wp\/v2\/posts"}],"about":[{"href":"https:\/\/elinformante.mx\/index.php?rest_route=\/wp\/v2\/types\/post"}],"author":[{"embeddable":true,"href":"https:\/\/elinformante.mx\/index.php?rest_route=\/wp\/v2\/users\/1"}],"replies":[{"embeddable":true,"href":"https:\/\/elinformante.mx\/index.php?rest_route=%2Fwp%2Fv2%2Fcomments&post=90217"}],"version-history":[{"count":0,"href":"https:\/\/elinformante.mx\/index.php?rest_route=\/wp\/v2\/posts\/90217\/revisions"}],"wp:featuredmedia":[{"embeddable":true,"href":"https:\/\/elinformante.mx\/index.php?rest_route=\/wp\/v2\/media\/90218"}],"wp:attachment":[{"href":"https:\/\/elinformante.mx\/index.php?rest_route=%2Fwp%2Fv2%2Fmedia&parent=90217"}],"wp:term":[{"taxonomy":"category","embeddable":true,"href":"https:\/\/elinformante.mx\/index.php?rest_route=%2Fwp%2Fv2%2Fcategories&post=90217"},{"taxonomy":"post_tag","embeddable":true,"href":"https:\/\/elinformante.mx\/index.php?rest_route=%2Fwp%2Fv2%2Ftags&post=90217"}],"curies":[{"name":"wp","href":"https:\/\/api.w.org\/{rel}","templated":true}]}}