{"id":90254,"date":"2025-08-08T07:24:57","date_gmt":"2025-08-08T13:24:57","guid":{"rendered":"https:\/\/elinformante.mx\/?p=90254"},"modified":"2025-08-13T17:36:37","modified_gmt":"2025-08-13T23:36:37","slug":"ine-muestra-avances-de-la-nueva-credencial-de-elector-digital","status":"publish","type":"post","link":"https:\/\/elinformante.mx\/?p=90254","title":{"rendered":"INE muestra avances de la nueva credencial de elector digital"},"content":{"rendered":"\n<figure class=\"wp-block-pullquote\"><blockquote><p>La combinaci\u00f3n de mejoras f\u00edsicas y avances digitales permitir\u00e1 no solo aumentar la seguridad contra falsificaciones, sino tambi\u00e9n ofrecer un medio de identificaci\u00f3n m\u00e1s vers\u00e1til para la ciudadan\u00eda.<\/p><\/blockquote><\/figure>\n\n\n\n<p class=\"has-drop-cap\">El Instituto Nacional Electoral (INE) present\u00f3 su plan para renovar la credencial de elector, que incluir\u00e1 m\u00e1s medidas de seguridad y avanzar\u00e1 hacia su versi\u00f3n digital.<br><\/p>\n\n\n\n<p>Esta propuesta fue aprobada por unanimidad, incluye cambios f\u00edsicos, nuevas tecnolog\u00edas y la futura implementaci\u00f3n de un documento de identificaci\u00f3n en formato electr\u00f3nico.<br><\/p>\n\n\n\n<p>La estrategia es fortalecer la protecci\u00f3n contra falsificaciones y modernizar el registro federal de electores. Adem\u00e1s de mejoras en el dise\u00f1o y materiales, el organismo proyecta el uso de herramientas digitales que facilitar\u00e1n tr\u00e1mites y reforzar\u00e1n la confianza ciudadana en los procesos electorales.<br><\/p>\n\n\n\n<p>Este nuevo dise\u00f1o incorporar\u00e1 elementos que dificultar\u00e1n su falsificaci\u00f3n y mejorar\u00e1n su durabilidad. Entre las medidas se encuentran recuadros con microtexto y gr\u00e1ficos \u00f3pticamente variables, adem\u00e1s de tintas de seguridad tanto visibles como invisibles.<br><\/p>\n\n\n\n<p>Destaca la inclusi\u00f3n de una fotograf\u00eda digital en el reverso, lo que facilitar\u00e1 la verificaci\u00f3n visual de la identidad. Tambi\u00e9n se integrar\u00e1 un elemento t\u00e1ctil para que las personas con debilidad visual puedan identificar la credencial con mayor facilidad.<br><\/p>\n\n\n\n<p>El proyecto contempla la credencial de elector digital, la lista nominal electr\u00f3nica y el impulso al voto electr\u00f3nico, as\u00ed como la georreferencia autom\u00e1tica de domicilios, que ayudar\u00edan a agilizar tr\u00e1mites, reforzar la seguridad del registro federal de electores y facilitar el acceso a servicios electorales.<br><\/p>\n\n\n\n<p>Arturo Castillo, titular de la Comisi\u00f3n del Registro Federal de Electores, explic\u00f3 que se estudia incluir informaci\u00f3n adicional en la credencial, como la indicaci\u00f3n de s\u00ed la persona es donante de \u00f3rganos, datos en sistema braille y autoadscripci\u00f3n de g\u00e9nero o pertenencia a un pueblo o comunidad ind\u00edgena.<br><\/p>\n\n\n\n<p>Pero aclar\u00f3 que estas propuestas a\u00fan est\u00e1n en fase de an\u00e1lisis t\u00e9cnico y jur\u00eddico, por lo que no forman parte del acuerdo aprobado en esta etapa. Cualquier inclusi\u00f3n futura requerir\u00e1 nuevas deliberaciones y votaciones.<br><\/p>\n\n\n\n<p>El INE busca que la credencial de elector se mantenga como un documento confiable y adaptado a las necesidades actuales.<\/p>\n","protected":false},"excerpt":{"rendered":"<p>La combinaci\u00f3n de mejoras f\u00edsicas y avances digitales permitir\u00e1 no solo aumentar la seguridad contra falsificaciones, sino tambi\u00e9n ofrecer un medio de identificaci\u00f3n m\u00e1s vers\u00e1til para la ciudadan\u00eda. El Instituto Nacional Electoral (INE) present\u00f3 su plan para renovar la credencial de elector, que incluir\u00e1 m\u00e1s medidas de seguridad y avanzar\u00e1 hacia su versi\u00f3n digital. Esta [&hellip;]<\/p>\n","protected":false},"author":1,"featured_media":90255,"comment_status":"closed","ping_status":"closed","sticky":false,"template":"","format":"standard","meta":{"footnotes":""},"categories":[30,34,31],"tags":[],"class_list":["post-90254","post","type-post","status-publish","format-standard","has-post-thumbnail","hentry","category-destacado","category-nacional","category-portada"],"_links":{"self":[{"href":"https:\/\/elinformante.mx\/index.php?rest_route=\/wp\/v2\/posts\/90254","targetHints":{"allow":["GET"]}}],"collection":[{"href":"https:\/\/elinformante.mx\/index.php?rest_route=\/wp\/v2\/posts"}],"about":[{"href":"https:\/\/elinformante.mx\/index.php?rest_route=\/wp\/v2\/types\/post"}],"author":[{"embeddable":true,"href":"https:\/\/elinformante.mx\/index.php?rest_route=\/wp\/v2\/users\/1"}],"replies":[{"embeddable":true,"href":"https:\/\/elinformante.mx\/index.php?rest_route=%2Fwp%2Fv2%2Fcomments&post=90254"}],"version-history":[{"count":0,"href":"https:\/\/elinformante.mx\/index.php?rest_route=\/wp\/v2\/posts\/90254\/revisions"}],"wp:featuredmedia":[{"embeddable":true,"href":"https:\/\/elinformante.mx\/index.php?rest_route=\/wp\/v2\/media\/90255"}],"wp:attachment":[{"href":"https:\/\/elinformante.mx\/index.php?rest_route=%2Fwp%2Fv2%2Fmedia&parent=90254"}],"wp:term":[{"taxonomy":"category","embeddable":true,"href":"https:\/\/elinformante.mx\/index.php?rest_route=%2Fwp%2Fv2%2Fcategories&post=90254"},{"taxonomy":"post_tag","embeddable":true,"href":"https:\/\/elinformante.mx\/index.php?rest_route=%2Fwp%2Fv2%2Ftags&post=90254"}],"curies":[{"name":"wp","href":"https:\/\/api.w.org\/{rel}","templated":true}]}}