{"id":90447,"date":"2025-08-12T05:47:10","date_gmt":"2025-08-12T11:47:10","guid":{"rendered":"https:\/\/elinformante.mx\/?p=90447"},"modified":"2025-08-13T18:05:12","modified_gmt":"2025-08-14T00:05:12","slug":"concluye-smsem-el-verano-de-la-unidad-sindical-2025-con-actividades-culturales-y-formativas","status":"publish","type":"post","link":"https:\/\/elinformante.mx\/?p=90447","title":{"rendered":"Concluye SMSEM el Verano de la Unidad Sindical 2025 con actividades culturales y formativas"},"content":{"rendered":"\n<figure class=\"wp-block-pullquote\"><blockquote><p>Mediante conferencias, caminatas y presentaciones art\u00edsticas que se realizaron en las 14 regiones sindicales.<\/p><\/blockquote><\/figure>\n\n\n\n<p class=\"has-drop-cap\">Fue del 5 al 9 de agosto, cuando el Comit\u00e9 Ejecutivo Estatal 2024-2027 del Sindicato de Maestros al Servicio del Estado de M\u00e9xico (SMSEM) llev\u00f3 a cabo el \u201cVerano de la Unidad Sindical 2025\u201d, atendiendo la instrucci\u00f3n de su Secretario General, Jenaro Mart\u00ednez Reyes, con actividades simult\u00e1neas en distintas sedes del territorio estatal.<br><\/p>\n\n\n\n<p>Fue durante cinco d\u00edas, que maestras y maestros de las 14 regiones sindicales participaron en charlas, conferencias, presentaciones culturales y actividades recreativas que fortalecieron el esp\u00edritu gremial y generaron espacios para la convivencia y la reflexi\u00f3n.<br><\/p>\n\n\n\n<p>Este programa inici\u00f3 con la conferencia magistral \u201cAmor y desamor en el cerebro\u201d, impartida por el Dr. Eduardo Calixto en el Auditorio \u201cForjadores de la Unidad Sindical\u201d. Continu\u00f3 con la Caminata de la Unidad Sindical en Atlacomulco; una Tarde de voces, literatura, poes\u00eda y trova en Naucalpan; y la charla \u201cDesromantizando la violencia\u201d en la Casa de Descanso Sor Juana In\u00e9s de la Cruz.<br><\/p>\n\n\n\n<figure class=\"wp-block-image size-large\"><img fetchpriority=\"high\" decoding=\"async\" width=\"1024\" height=\"506\" src=\"https:\/\/elinformante.mx\/wp-content\/uploads\/2025\/08\/12smsem-1-1024x506.jpg\" alt=\"\" class=\"wp-image-90449\" srcset=\"https:\/\/elinformante.mx\/wp-content\/uploads\/2025\/08\/12smsem-1-1024x506.jpg 1024w, https:\/\/elinformante.mx\/wp-content\/uploads\/2025\/08\/12smsem-1-300x148.jpg 300w, https:\/\/elinformante.mx\/wp-content\/uploads\/2025\/08\/12smsem-1-768x379.jpg 768w, https:\/\/elinformante.mx\/wp-content\/uploads\/2025\/08\/12smsem-1.jpg 1140w\" sizes=\"(max-width: 1024px) 100vw, 1024px\" \/><\/figure>\n\n\n\n<p>El cierre del evento se realiz\u00f3 en Valle de Bravo, con la presentaci\u00f3n del n\u00famero 2 de la revista Cambio Sindical, espacio editorial impulsado por la Secretar\u00eda de Prensa y Comunicaci\u00f3n Social del SMSEM.<br><\/p>\n\n\n\n<p>Jenaro Mart\u00ednez agradeci\u00f3 la participaci\u00f3n de las y los miles de docentes que acudieron a cada jornada. El Verano de la Unidad Sindical 2025 se consolida como un ejercicio que trasciende lo recreativo para reafirmar que, en el SMSEM, la Unidad Sindical tambi\u00e9n se construye desde las ideas, el arte y la formaci\u00f3n.<br><\/p>\n\n\n\n<p>Como parte de esta conmemoraci\u00f3n, hoy 12 de agosto el SMSEM llevar\u00e1 a cabo una ceremonia solemne por el D\u00eda de la Unidad Sindical, en la que participar\u00e1n Delegadas, Delegados y Representantes Sindicales de las 14 regiones de la entidad.<\/p>\n","protected":false},"excerpt":{"rendered":"<p>Mediante conferencias, caminatas y presentaciones art\u00edsticas que se realizaron en las 14 regiones sindicales. Fue del 5 al 9 de agosto, cuando el Comit\u00e9 Ejecutivo Estatal 2024-2027 del Sindicato de Maestros al Servicio del Estado de M\u00e9xico (SMSEM) llev\u00f3 a cabo el \u201cVerano de la Unidad Sindical 2025\u201d, atendiendo la instrucci\u00f3n de su Secretario General, [&hellip;]<\/p>\n","protected":false},"author":1,"featured_media":90448,"comment_status":"closed","ping_status":"closed","sticky":false,"template":"","format":"standard","meta":{"footnotes":""},"categories":[36],"tags":[],"class_list":["post-90447","post","type-post","status-publish","format-standard","has-post-thumbnail","hentry","category-edomex"],"_links":{"self":[{"href":"https:\/\/elinformante.mx\/index.php?rest_route=\/wp\/v2\/posts\/90447","targetHints":{"allow":["GET"]}}],"collection":[{"href":"https:\/\/elinformante.mx\/index.php?rest_route=\/wp\/v2\/posts"}],"about":[{"href":"https:\/\/elinformante.mx\/index.php?rest_route=\/wp\/v2\/types\/post"}],"author":[{"embeddable":true,"href":"https:\/\/elinformante.mx\/index.php?rest_route=\/wp\/v2\/users\/1"}],"replies":[{"embeddable":true,"href":"https:\/\/elinformante.mx\/index.php?rest_route=%2Fwp%2Fv2%2Fcomments&post=90447"}],"version-history":[{"count":0,"href":"https:\/\/elinformante.mx\/index.php?rest_route=\/wp\/v2\/posts\/90447\/revisions"}],"wp:featuredmedia":[{"embeddable":true,"href":"https:\/\/elinformante.mx\/index.php?rest_route=\/wp\/v2\/media\/90448"}],"wp:attachment":[{"href":"https:\/\/elinformante.mx\/index.php?rest_route=%2Fwp%2Fv2%2Fmedia&parent=90447"}],"wp:term":[{"taxonomy":"category","embeddable":true,"href":"https:\/\/elinformante.mx\/index.php?rest_route=%2Fwp%2Fv2%2Fcategories&post=90447"},{"taxonomy":"post_tag","embeddable":true,"href":"https:\/\/elinformante.mx\/index.php?rest_route=%2Fwp%2Fv2%2Ftags&post=90447"}],"curies":[{"name":"wp","href":"https:\/\/api.w.org\/{rel}","templated":true}]}}