{"id":90451,"date":"2025-08-12T05:48:57","date_gmt":"2025-08-12T11:48:57","guid":{"rendered":"https:\/\/elinformante.mx\/?p=90451"},"modified":"2025-08-13T18:05:07","modified_gmt":"2025-08-14T00:05:07","slug":"modelo-ahora-y-alerta-ahora-estrategias-que-permiten-disminuir-los-casos-de-violencia-de-genero-ana-muniz","status":"publish","type":"post","link":"https:\/\/elinformante.mx\/?p=90451","title":{"rendered":"Modelo AHORA y Alerta AHORA, estrategias que permiten disminuir los casos de Violencia de G\u00e9nero: Ana Mu\u00f1iz"},"content":{"rendered":"\n<figure class=\"wp-block-pullquote\"><blockquote><p>-Durante la reuni\u00f3n del SMITyOHM se dieron a conocer los resultados obtenidos hasta la fecha en el municipio.<\/p><\/blockquote><\/figure>\n\n\n\n<p class=\"has-drop-cap\">En el municipio de San Mateo Atenco, la presidenta municipal, Ana Mu\u00f1iz Neyra, llev\u00f3 a cabo la segunda sesi\u00f3n del Sistema Municipal para la Igualdad de Trato y Oportunidades entre Mujeres y Hombres y para Erradicar la Violencia contra las Mujeres (SMITyOHM).<br><\/p>\n\n\n\n<p>En compa\u00f1\u00eda de los integrantes del Gobierno Municipal de San Mateo Atenco y en el DIF San Mateo Atenco se dio seguimiento a todas las acciones emprendidas para la prevenci\u00f3n y erradicaci\u00f3n de la violencia de g\u00e9nero en el municipio.<br><\/p>\n\n\n\n<p>Se\u00f1al\u00f3 Mu\u00f1iz Neyra que adem\u00e1s se dio total seguimiento de las acciones incluidas en el Modelo AHORA, as\u00ed como las realizadas mediante la Alerta AHORA, y puntualiz\u00f3 que ambas forman parte de esta importante estrategia que ha permitido que los casos de violencia de g\u00e9nero tengan una significativa disminuci\u00f3n en el municipio.<br><\/p>\n\n\n\n<p>Record\u00f3 que el objetivo central es que ninguna mujer sea v\u00edctima de feminicidio y p\u00eddi\u00edo recordar a las mujeres atequenses que la Alerta AHORA es dispositivo tecnol\u00f3gico de geolocalizaci\u00f3n y alertamiento, conectado al Centro de mando C4, y se encuentra monitoreado las 24 horas, en donde se le dar\u00e1 total seguimiento georreferenciado a mujeres que cuentan con una medida de protecci\u00f3n.<br><\/p>\n\n\n\n<figure class=\"wp-block-image size-large\"><img fetchpriority=\"high\" decoding=\"async\" width=\"1024\" height=\"506\" src=\"https:\/\/elinformante.mx\/wp-content\/uploads\/2025\/08\/12mateo-2-1024x506.jpg\" alt=\"\" class=\"wp-image-90453\" srcset=\"https:\/\/elinformante.mx\/wp-content\/uploads\/2025\/08\/12mateo-2-1024x506.jpg 1024w, https:\/\/elinformante.mx\/wp-content\/uploads\/2025\/08\/12mateo-2-300x148.jpg 300w, https:\/\/elinformante.mx\/wp-content\/uploads\/2025\/08\/12mateo-2-768x379.jpg 768w, https:\/\/elinformante.mx\/wp-content\/uploads\/2025\/08\/12mateo-2.jpg 1140w\" sizes=\"(max-width: 1024px) 100vw, 1024px\" \/><\/figure>\n\n\n\n<p>Afirm\u00f3 que en San Mateo Atenco se continuar\u00e1 trabajando para seguir siendo un Gobierno sensible, solidario y que trabaja por el cuidado de la ciudadan\u00eda de todas y todos.<br><\/p>\n\n\n\n<p>por la tarde Mu\u00f1iz Neyra recibi\u00f3 a la alcaldesa de Pinohana, Panam\u00e1, Nadine Gonz\u00e1lez en palacio de gobierno, junto con Mayt\u00e9 Vigoa, vicepresidenta de La Habana, Cuba y la vicealcaldesa de Quito, Ecuador, Mar\u00eda Fernanda Racines.<br><\/p>\n\n\n\n<p>Se\u00f1al\u00f3 que durante su reuni\u00f3n pudieron intercambiar las exitosas experiencias que se ha tenido en San Mateo Atenco, gracias al Modelo AHORA.<br><\/p>\n\n\n\n<p>Adem\u00e1s pudo mostrarles el enorme impulso que ha logrado el municipio en su principal actividad econ\u00f3mica, como lo es la prodcci\u00f3n y venta de calzado.<br><\/p>\n\n\n\n<p>Mu\u00f1iz Neyra agradeci\u00f3 la visita de las distinguidas invitadas y recalc\u00f3 que estos encuentros afianzan los lazos de hermandad entre M\u00e9xico y los dem\u00e1s de Am\u00e9rica.<\/p>\n","protected":false},"excerpt":{"rendered":"<p>-Durante la reuni\u00f3n del SMITyOHM se dieron a conocer los resultados obtenidos hasta la fecha en el municipio. En el municipio de San Mateo Atenco, la presidenta municipal, Ana Mu\u00f1iz Neyra, llev\u00f3 a cabo la segunda sesi\u00f3n del Sistema Municipal para la Igualdad de Trato y Oportunidades entre Mujeres y Hombres y para Erradicar la [&hellip;]<\/p>\n","protected":false},"author":1,"featured_media":90452,"comment_status":"closed","ping_status":"closed","sticky":false,"template":"","format":"standard","meta":{"footnotes":""},"categories":[30,36],"tags":[],"class_list":["post-90451","post","type-post","status-publish","format-standard","has-post-thumbnail","hentry","category-destacado","category-edomex"],"_links":{"self":[{"href":"https:\/\/elinformante.mx\/index.php?rest_route=\/wp\/v2\/posts\/90451","targetHints":{"allow":["GET"]}}],"collection":[{"href":"https:\/\/elinformante.mx\/index.php?rest_route=\/wp\/v2\/posts"}],"about":[{"href":"https:\/\/elinformante.mx\/index.php?rest_route=\/wp\/v2\/types\/post"}],"author":[{"embeddable":true,"href":"https:\/\/elinformante.mx\/index.php?rest_route=\/wp\/v2\/users\/1"}],"replies":[{"embeddable":true,"href":"https:\/\/elinformante.mx\/index.php?rest_route=%2Fwp%2Fv2%2Fcomments&post=90451"}],"version-history":[{"count":0,"href":"https:\/\/elinformante.mx\/index.php?rest_route=\/wp\/v2\/posts\/90451\/revisions"}],"wp:featuredmedia":[{"embeddable":true,"href":"https:\/\/elinformante.mx\/index.php?rest_route=\/wp\/v2\/media\/90452"}],"wp:attachment":[{"href":"https:\/\/elinformante.mx\/index.php?rest_route=%2Fwp%2Fv2%2Fmedia&parent=90451"}],"wp:term":[{"taxonomy":"category","embeddable":true,"href":"https:\/\/elinformante.mx\/index.php?rest_route=%2Fwp%2Fv2%2Fcategories&post=90451"},{"taxonomy":"post_tag","embeddable":true,"href":"https:\/\/elinformante.mx\/index.php?rest_route=%2Fwp%2Fv2%2Ftags&post=90451"}],"curies":[{"name":"wp","href":"https:\/\/api.w.org\/{rel}","templated":true}]}}