{"id":90466,"date":"2025-08-12T06:01:14","date_gmt":"2025-08-12T12:01:14","guid":{"rendered":"https:\/\/elinformante.mx\/?p=90466"},"modified":"2025-08-13T18:04:50","modified_gmt":"2025-08-14T00:04:50","slug":"rectora-de-la-uaemex-y-estudiantes-de-antropologia-mantienen-dialogos-para-atender-demandas-estudiantiles","status":"publish","type":"post","link":"https:\/\/elinformante.mx\/?p=90466","title":{"rendered":"Rectora de la UAEM\u00e9x y estudiantes de Antropolog\u00eda mantienen di\u00e1logos para atender demandas estudiantiles"},"content":{"rendered":"\n<figure class=\"wp-block-pullquote\"><blockquote><p>Zarza Delgado reafirm\u00f3 el compromiso institucional de implementar acciones puntuales para fortalecer la seguridad, la inclusi\u00f3n y el bienestar acad\u00e9mico de la comunidad universitaria.<\/p><\/blockquote><\/figure>\n\n\n\n<p class=\"has-drop-cap\">Contin\u00faan los di\u00e1logos entre la rectora de la Universidad Aut\u00f3noma del Estado de M\u00e9xico (UAEM\u00e9x) Martha Patricia Zarza Delgado y los estudiantes inconformes. Dando seguimiento a las demandas presentadas por la asamblea estudiantil de la Facultad de Antropolog\u00eda, se llev\u00f3 a cabo una mesa de di\u00e1logo con la asistencia de la rectora Zarza Delgado, y de las y los titulares de diversas secretar\u00edas universitarias.<br><\/p>\n\n\n\n<p>En esta mesa tambi\u00e9n participaron Miriam Liliana Padilla Mora, de la Secretar\u00eda de Gesti\u00f3n y Administraci\u00f3n Universitaria; Evangelina Sales S\u00e1nchez, de la Consejer\u00eda Jur\u00eddica Universitaria; Mar\u00eda Fernanda Vald\u00e9s Figueroa, de la Direcci\u00f3n General de Comunicaci\u00f3n Social Universitaria; y Francisco Herrera Tapia, de la Secretar\u00eda Acad\u00e9mica.<br><\/p>\n\n\n\n<p>Durante la reuni\u00f3n se entregaron cartas de reconocimiento a la asamblea estudiantil de la Facultad de Antropolog\u00eda por el movimiento realizado, como un gesto de apertura y colaboraci\u00f3n en el proceso de atenci\u00f3n a sus demandas. Asimismo, se acord\u00f3 entregar materiales jur\u00eddicos y el C\u00f3digo de \u00c9tica Universitario, fortaleciendo el conocimiento de derechos, obligaciones y procedimientos institucionales entre los estudiantes.<br><\/p>\n\n\n\n<p>En relaci\u00f3n a la gratuidad en actividades de difusi\u00f3n cultural, se propuso que la Direcci\u00f3n de Difusi\u00f3n Cultural socialice los avances en este tema para que toda la comunidad conozca de manera clara y accesible los derechos y beneficios que la Ley Universitaria contempla.<br><\/p>\n\n\n\n<p>La asamblea expres\u00f3 diversas peticiones, destacando: cartas compromiso para el cuidado y protecci\u00f3n de informaci\u00f3n en informes etnogr\u00e1ficos y datos cuantitativos o cualitativos, incluyendo la autor\u00eda, con posible aprobaci\u00f3n en el semestre 2025B.<br><\/p>\n\n\n\n<figure class=\"wp-block-image size-large\"><img fetchpriority=\"high\" decoding=\"async\" width=\"1024\" height=\"506\" src=\"https:\/\/elinformante.mx\/wp-content\/uploads\/2025\/08\/10uaemex-7-1024x506.jpg\" alt=\"\" class=\"wp-image-90468\" srcset=\"https:\/\/elinformante.mx\/wp-content\/uploads\/2025\/08\/10uaemex-7-1024x506.jpg 1024w, https:\/\/elinformante.mx\/wp-content\/uploads\/2025\/08\/10uaemex-7-300x148.jpg 300w, https:\/\/elinformante.mx\/wp-content\/uploads\/2025\/08\/10uaemex-7-768x379.jpg 768w, https:\/\/elinformante.mx\/wp-content\/uploads\/2025\/08\/10uaemex-7.jpg 1140w\" sizes=\"(max-width: 1024px) 100vw, 1024px\" \/><\/figure>\n\n\n\n<p>As\u00ed como mejoras en infraestructura, como sanitarios, filtros para dispensadores de agua y mobiliario adicional, como bancas.<br><\/p>\n\n\n\n<p>Solicitaron la instalaci\u00f3n de c\u00e1maras de vigilancia; la revisi\u00f3n de recursos ya se realiz\u00f3 y est\u00e1 programada la colocaci\u00f3n de algunos equipos; adem\u00e1s de tener disponibilidad de casilleros gratuitos para estudiantes.<br><\/p>\n\n\n\n<p>Se\u00f1alaron que es necesario la apertura de espacios de c\u00f3mputo y salas de trabajo, accesibles mediante solicitud de llave para uso estudiantil.<br><\/p>\n\n\n\n<p>As\u00ed como atenci\u00f3n psicol\u00f3gica inmediata para la comunidad universitaria, y facilitar el acceso a estos servicios. Y de manera primordial el abrir el sendero seguro en Col\u00f3n, con el fin de garantizar la seguridad de las y los estudiantes, con la propuesta de iniciar actividades a partir del 18 de agosto.<br><\/p>\n\n\n\n<p>La rectora reiter\u00f3 su compromiso de dar seguimiento puntual y responsable a las peticiones presentadas por la asamblea estudiantil, asegurando que las acciones acordadas se implementen de manera oportuna y con la participaci\u00f3n activa de la comunidad universitaria.<br><\/p>\n\n\n\n<p>La UAEM\u00e9x continuar\u00e1 fomentando el di\u00e1logo abierto y respetuoso, promoviendo la participaci\u00f3n de todas y todos para generar soluciones conjuntas que impulsen la mejora continua y el desarrollo integral de nuestra casa de estudios.<\/p>\n","protected":false},"excerpt":{"rendered":"<p>Zarza Delgado reafirm\u00f3 el compromiso institucional de implementar acciones puntuales para fortalecer la seguridad, la inclusi\u00f3n y el bienestar acad\u00e9mico de la comunidad universitaria. Contin\u00faan los di\u00e1logos entre la rectora de la Universidad Aut\u00f3noma del Estado de M\u00e9xico (UAEM\u00e9x) Martha Patricia Zarza Delgado y los estudiantes inconformes. Dando seguimiento a las demandas presentadas por la [&hellip;]<\/p>\n","protected":false},"author":1,"featured_media":90467,"comment_status":"closed","ping_status":"closed","sticky":false,"template":"","format":"standard","meta":{"footnotes":""},"categories":[30,36],"tags":[],"class_list":["post-90466","post","type-post","status-publish","format-standard","has-post-thumbnail","hentry","category-destacado","category-edomex"],"_links":{"self":[{"href":"https:\/\/elinformante.mx\/index.php?rest_route=\/wp\/v2\/posts\/90466","targetHints":{"allow":["GET"]}}],"collection":[{"href":"https:\/\/elinformante.mx\/index.php?rest_route=\/wp\/v2\/posts"}],"about":[{"href":"https:\/\/elinformante.mx\/index.php?rest_route=\/wp\/v2\/types\/post"}],"author":[{"embeddable":true,"href":"https:\/\/elinformante.mx\/index.php?rest_route=\/wp\/v2\/users\/1"}],"replies":[{"embeddable":true,"href":"https:\/\/elinformante.mx\/index.php?rest_route=%2Fwp%2Fv2%2Fcomments&post=90466"}],"version-history":[{"count":0,"href":"https:\/\/elinformante.mx\/index.php?rest_route=\/wp\/v2\/posts\/90466\/revisions"}],"wp:featuredmedia":[{"embeddable":true,"href":"https:\/\/elinformante.mx\/index.php?rest_route=\/wp\/v2\/media\/90467"}],"wp:attachment":[{"href":"https:\/\/elinformante.mx\/index.php?rest_route=%2Fwp%2Fv2%2Fmedia&parent=90466"}],"wp:term":[{"taxonomy":"category","embeddable":true,"href":"https:\/\/elinformante.mx\/index.php?rest_route=%2Fwp%2Fv2%2Fcategories&post=90466"},{"taxonomy":"post_tag","embeddable":true,"href":"https:\/\/elinformante.mx\/index.php?rest_route=%2Fwp%2Fv2%2Ftags&post=90466"}],"curies":[{"name":"wp","href":"https:\/\/api.w.org\/{rel}","templated":true}]}}