{"id":90477,"date":"2025-08-12T06:16:26","date_gmt":"2025-08-12T12:16:26","guid":{"rendered":"https:\/\/elinformante.mx\/?p=90477"},"modified":"2025-08-13T18:04:37","modified_gmt":"2025-08-14T00:04:37","slug":"disminuyo-29-el-robo-de-vehiculos-en-edomex","status":"publish","type":"post","link":"https:\/\/elinformante.mx\/?p=90477","title":{"rendered":"Disminuy\u00f3 29% el robo de veh\u00edculos en Edom\u00e9x"},"content":{"rendered":"\n<figure class=\"wp-block-pullquote\"><blockquote><p>-De enero a la fecha se han registrado 6 mil 112 robos de veh\u00edculos menos en comparaci\u00f3n con el mismo periodo de 2024.<\/p><\/blockquote><\/figure>\n\n\n\n<p class=\"has-drop-cap\">El robo de veh\u00edculos en el Estado de M\u00e9xico disminuy\u00f3 29.42% en lo que va del a\u00f1o. La disminuci\u00f3n se atribuye a la coordinaci\u00f3n entre fuerzas federales, estatales y municipales, as\u00ed como a operativos focalizados y aseguramientos en zonas de resguardo de unidades y mercanc\u00edas robadas.<br><\/p>\n\n\n\n<p>\u201cIniciamos la semana en la Mesa de Coordinaci\u00f3n para la Construcci\u00f3n de la Paz, desde el Palacio de Gobierno. El trabajo en equipo con autoridades de los gobiernos federal y estatal, as\u00ed como de los municipios es esencial para la transformaci\u00f3n del Edom\u00e9x\u201d, coment\u00f3 la Gobernadora Delfina G\u00f3mez \u00c1lvarez en redes sociales.<br><\/p>\n\n\n\n<figure class=\"wp-block-image size-large\"><img fetchpriority=\"high\" decoding=\"async\" width=\"1024\" height=\"506\" src=\"https:\/\/elinformante.mx\/wp-content\/uploads\/2025\/08\/7disminuyo-2-1024x506.jpg\" alt=\"\" class=\"wp-image-90479\" srcset=\"https:\/\/elinformante.mx\/wp-content\/uploads\/2025\/08\/7disminuyo-2-1024x506.jpg 1024w, https:\/\/elinformante.mx\/wp-content\/uploads\/2025\/08\/7disminuyo-2-300x148.jpg 300w, https:\/\/elinformante.mx\/wp-content\/uploads\/2025\/08\/7disminuyo-2-768x379.jpg 768w, https:\/\/elinformante.mx\/wp-content\/uploads\/2025\/08\/7disminuyo-2.jpg 1140w\" sizes=\"(max-width: 1024px) 100vw, 1024px\" \/><\/figure>\n\n\n\n<p>La Fiscal\u00eda General de Justicia del Estado de M\u00e9xico (FGJEM) dio a conocer que del 1 de enero al 10 de agosto de 2025 se registraron 6112 casos menos que en el mismo periodo de 2024. La disminuci\u00f3n ha sido proporcional en ambos tipos de este delito: robo de veh\u00edculo con violencia con 29.77% y robo de veh\u00edculo sin violencia con 29.58%.<br><\/p>\n\n\n\n<p>A la reuni\u00f3n n\u00famero 473 de la Mesa de Coordinaci\u00f3n para la Construcci\u00f3n de la Paz asistieron Horacio Duarte Olivares, Secretario General de Gobierno; Crist\u00f3bal Casta\u00f1eda Camarillo, Secretario de Seguridad estatal; Maricela L\u00f3pez Urbina, Secretaria T\u00e9cnica de la Mesa de Coordinaci\u00f3n para la Construcci\u00f3n de la Paz en el Estado de M\u00e9xico; Jos\u00e9 Luis Cervantes Mart\u00ednez, Fiscal General de Justicia del Estado de M\u00e9xico, as\u00ed como representantes de la Secretar\u00eda de la Defensa Nacional, Secretar\u00eda de Marina, Guardia Nacional y el Centro Nacional de Inteligencia.<\/p>\n","protected":false},"excerpt":{"rendered":"<p>-De enero a la fecha se han registrado 6 mil 112 robos de veh\u00edculos menos en comparaci\u00f3n con el mismo periodo de 2024. El robo de veh\u00edculos en el Estado de M\u00e9xico disminuy\u00f3 29.42% en lo que va del a\u00f1o. La disminuci\u00f3n se atribuye a la coordinaci\u00f3n entre fuerzas federales, estatales y municipales, as\u00ed como [&hellip;]<\/p>\n","protected":false},"author":1,"featured_media":90478,"comment_status":"closed","ping_status":"closed","sticky":false,"template":"","format":"standard","meta":{"footnotes":""},"categories":[30,36,31],"tags":[],"class_list":["post-90477","post","type-post","status-publish","format-standard","has-post-thumbnail","hentry","category-destacado","category-edomex","category-portada"],"_links":{"self":[{"href":"https:\/\/elinformante.mx\/index.php?rest_route=\/wp\/v2\/posts\/90477","targetHints":{"allow":["GET"]}}],"collection":[{"href":"https:\/\/elinformante.mx\/index.php?rest_route=\/wp\/v2\/posts"}],"about":[{"href":"https:\/\/elinformante.mx\/index.php?rest_route=\/wp\/v2\/types\/post"}],"author":[{"embeddable":true,"href":"https:\/\/elinformante.mx\/index.php?rest_route=\/wp\/v2\/users\/1"}],"replies":[{"embeddable":true,"href":"https:\/\/elinformante.mx\/index.php?rest_route=%2Fwp%2Fv2%2Fcomments&post=90477"}],"version-history":[{"count":0,"href":"https:\/\/elinformante.mx\/index.php?rest_route=\/wp\/v2\/posts\/90477\/revisions"}],"wp:featuredmedia":[{"embeddable":true,"href":"https:\/\/elinformante.mx\/index.php?rest_route=\/wp\/v2\/media\/90478"}],"wp:attachment":[{"href":"https:\/\/elinformante.mx\/index.php?rest_route=%2Fwp%2Fv2%2Fmedia&parent=90477"}],"wp:term":[{"taxonomy":"category","embeddable":true,"href":"https:\/\/elinformante.mx\/index.php?rest_route=%2Fwp%2Fv2%2Fcategories&post=90477"},{"taxonomy":"post_tag","embeddable":true,"href":"https:\/\/elinformante.mx\/index.php?rest_route=%2Fwp%2Fv2%2Ftags&post=90477"}],"curies":[{"name":"wp","href":"https:\/\/api.w.org\/{rel}","templated":true}]}}