{"id":90481,"date":"2025-08-12T06:18:59","date_gmt":"2025-08-12T12:18:59","guid":{"rendered":"https:\/\/elinformante.mx\/?p=90481"},"modified":"2025-08-13T18:04:33","modified_gmt":"2025-08-14T00:04:33","slug":"delfina-gomez-es-la-gobernadora-de-morena-mejor-evaluada","status":"publish","type":"post","link":"https:\/\/elinformante.mx\/?p=90481","title":{"rendered":"Delfina G\u00f3mez es la gobernadora de Morena mejor evaluada"},"content":{"rendered":"\n<figure class=\"wp-block-pullquote\"><blockquote><p>Su compromiso con el bienestar social, la seguridad p\u00fablica y el desarrollo econ\u00f3mico del estado han sido los principales ejes de su gobierno.<\/p><\/blockquote><\/figure>\n\n\n\n<p class=\"has-drop-cap\">La gobernadora del Estado de M\u00e9xico, la maestra Delfina G\u00f3mez \u00c1lvarez, se posicion\u00f3 como la mandataria mejor evaluada de Morena a nivel nacional, as\u00ed lo inform\u00f3 la m\u00e1s reciente encuesta de aprobaci\u00f3n realizada por la encuestadora Demoscopia Digital correspondiente a julio del 2025.<br><\/p>\n\n\n\n<p>De acuerdo a la encuesta, G\u00f3mez \u00c1lvarez ocupa el sexto lugar nacional con un 64.2% de aprobaci\u00f3n ciudadana, se\u00f1alando que esto es gracias a su desempe\u00f1o, adem\u00e1s del enorme impulso que ha dado a los programas sociales y la instauraci\u00f3n de un gobierno de puertas abiertas en la entidad.<br><\/p>\n\n\n\n<figure class=\"wp-block-image size-large\"><img fetchpriority=\"high\" decoding=\"async\" width=\"1024\" height=\"506\" src=\"https:\/\/elinformante.mx\/wp-content\/uploads\/2025\/08\/8delfina-3-2-1024x506.jpg\" alt=\"\" class=\"wp-image-90483\" srcset=\"https:\/\/elinformante.mx\/wp-content\/uploads\/2025\/08\/8delfina-3-2-1024x506.jpg 1024w, https:\/\/elinformante.mx\/wp-content\/uploads\/2025\/08\/8delfina-3-2-300x148.jpg 300w, https:\/\/elinformante.mx\/wp-content\/uploads\/2025\/08\/8delfina-3-2-768x379.jpg 768w, https:\/\/elinformante.mx\/wp-content\/uploads\/2025\/08\/8delfina-3-2.jpg 1140w\" sizes=\"(max-width: 1024px) 100vw, 1024px\" \/><\/figure>\n\n\n\n<p>Como resultado a lo anterior, la maestra se ha colocado en la cima, superando a otras gobernadoras morenistas como Evelyn Salgado (Guerrero), Marina del Pilar \u00c1vila (Baja California), Clara Brugada (Ciudad de M\u00e9xico), Mara Lezama (Quintana Roo), Layda Sansores (Campeche), Indira Vizca\u00edno (Colima), Lorena Cu\u00e9llar (Tlaxcala), Margarita Gonz\u00e1lez (Morelos) y Roc\u00edo Nahle (Veracruz).<br><\/p>\n\n\n\n<p>Uno de los factores que han mantenido la mandataria mexiquense en esta preferencia es la constante manera en como ha afrontado los problemas en la entidad, logrando que se mantenga en los primeros lugares del ranking desde inicios del a\u00f1o, con una tendencia ascendente mes tras mes, consolid\u00e1ndose como una de las figuras m\u00e1s s\u00f3lidas dentro del movimiento de la Cuarta Transformaci\u00f3n.<br><\/p>\n\n\n\n<figure class=\"wp-block-image size-large\"><img decoding=\"async\" width=\"1024\" height=\"506\" src=\"https:\/\/elinformante.mx\/wp-content\/uploads\/2025\/08\/8delfina-6-1024x506.jpg\" alt=\"\" class=\"wp-image-90484\" srcset=\"https:\/\/elinformante.mx\/wp-content\/uploads\/2025\/08\/8delfina-6-1024x506.jpg 1024w, https:\/\/elinformante.mx\/wp-content\/uploads\/2025\/08\/8delfina-6-300x148.jpg 300w, https:\/\/elinformante.mx\/wp-content\/uploads\/2025\/08\/8delfina-6-768x379.jpg 768w, https:\/\/elinformante.mx\/wp-content\/uploads\/2025\/08\/8delfina-6.jpg 1140w\" sizes=\"(max-width: 1024px) 100vw, 1024px\" \/><\/figure>\n\n\n\n<p>La principal acci\u00f3n que ha destacado en su gobierno, es la estrategia de seguridad implementada en el estado, que incluye operativos como \u201cEnjambre\u201d y \u201cAtarraya\u201d, enfocados en desarticular redes de corrupci\u00f3n y debilitar a los grupos delictivos que operan en la regi\u00f3n. Estas medidas han sido calificadas por su equipo como una respuesta sin precedentes frente a la inseguridad que aqueja al Estado de M\u00e9xico.<br><\/p>\n\n\n\n<p>La mandataria ha reiterado su compromiso con el bienestar social, la seguridad p\u00fablica y el desarrollo econ\u00f3mico del estado, priorizando el contacto directo con la ciudadan\u00eda como eje central de su modelo de gobierno.<\/p>\n\n\n\n<figure class=\"wp-block-image size-large\"><img decoding=\"async\" width=\"1024\" height=\"506\" src=\"https:\/\/elinformante.mx\/wp-content\/uploads\/2025\/08\/8delfina-4-2-1024x506.jpg\" alt=\"\" class=\"wp-image-90485\" srcset=\"https:\/\/elinformante.mx\/wp-content\/uploads\/2025\/08\/8delfina-4-2-1024x506.jpg 1024w, https:\/\/elinformante.mx\/wp-content\/uploads\/2025\/08\/8delfina-4-2-300x148.jpg 300w, https:\/\/elinformante.mx\/wp-content\/uploads\/2025\/08\/8delfina-4-2-768x379.jpg 768w, https:\/\/elinformante.mx\/wp-content\/uploads\/2025\/08\/8delfina-4-2.jpg 1140w\" sizes=\"(max-width: 1024px) 100vw, 1024px\" \/><\/figure>\n","protected":false},"excerpt":{"rendered":"<p>Su compromiso con el bienestar social, la seguridad p\u00fablica y el desarrollo econ\u00f3mico del estado han sido los principales ejes de su gobierno. La gobernadora del Estado de M\u00e9xico, la maestra Delfina G\u00f3mez \u00c1lvarez, se posicion\u00f3 como la mandataria mejor evaluada de Morena a nivel nacional, as\u00ed lo inform\u00f3 la m\u00e1s reciente encuesta de aprobaci\u00f3n [&hellip;]<\/p>\n","protected":false},"author":1,"featured_media":90482,"comment_status":"closed","ping_status":"closed","sticky":false,"template":"","format":"standard","meta":{"footnotes":""},"categories":[30,36,31],"tags":[46],"class_list":["post-90481","post","type-post","status-publish","format-standard","has-post-thumbnail","hentry","category-destacado","category-edomex","category-portada","tag-portadaedomex"],"_links":{"self":[{"href":"https:\/\/elinformante.mx\/index.php?rest_route=\/wp\/v2\/posts\/90481","targetHints":{"allow":["GET"]}}],"collection":[{"href":"https:\/\/elinformante.mx\/index.php?rest_route=\/wp\/v2\/posts"}],"about":[{"href":"https:\/\/elinformante.mx\/index.php?rest_route=\/wp\/v2\/types\/post"}],"author":[{"embeddable":true,"href":"https:\/\/elinformante.mx\/index.php?rest_route=\/wp\/v2\/users\/1"}],"replies":[{"embeddable":true,"href":"https:\/\/elinformante.mx\/index.php?rest_route=%2Fwp%2Fv2%2Fcomments&post=90481"}],"version-history":[{"count":0,"href":"https:\/\/elinformante.mx\/index.php?rest_route=\/wp\/v2\/posts\/90481\/revisions"}],"wp:featuredmedia":[{"embeddable":true,"href":"https:\/\/elinformante.mx\/index.php?rest_route=\/wp\/v2\/media\/90482"}],"wp:attachment":[{"href":"https:\/\/elinformante.mx\/index.php?rest_route=%2Fwp%2Fv2%2Fmedia&parent=90481"}],"wp:term":[{"taxonomy":"category","embeddable":true,"href":"https:\/\/elinformante.mx\/index.php?rest_route=%2Fwp%2Fv2%2Fcategories&post=90481"},{"taxonomy":"post_tag","embeddable":true,"href":"https:\/\/elinformante.mx\/index.php?rest_route=%2Fwp%2Fv2%2Ftags&post=90481"}],"curies":[{"name":"wp","href":"https:\/\/api.w.org\/{rel}","templated":true}]}}