{"id":90507,"date":"2025-08-12T07:06:24","date_gmt":"2025-08-12T13:06:24","guid":{"rendered":"https:\/\/elinformante.mx\/?p=90507"},"modified":"2025-08-13T18:04:15","modified_gmt":"2025-08-14T00:04:15","slug":"consultas-foros-y-mesas-de-discusion-de-reforma-electoral-iniciaran-en-octubre-sheinbaum","status":"publish","type":"post","link":"https:\/\/elinformante.mx\/?p=90507","title":{"rendered":"Consultas, foros y mesas de discusi\u00f3n de Reforma Electoral iniciar\u00e1n en octubre: Sheinbaum"},"content":{"rendered":"\n<figure class=\"wp-block-pullquote\"><blockquote><p>-En enero 2026 ser\u00e1n presentados a la Jefa del Ejecutivo Federal los resultados de las consultas, foros y mesas de discusi\u00f3n realizados en distintas ciudades del pa\u00eds<\/p><\/blockquote><\/figure>\n\n\n\n<p class=\"has-drop-cap\">El Gobierno de M\u00e9xico, a trav\u00e9s de la Comisi\u00f3n Presidencial para la Reforma Electoral, inform\u00f3 que, en octubre, iniciar\u00e1n las consultas, foros y mesas de discusi\u00f3n, que se realizar\u00e1n de manera amplia e incluyente, para conocer la opini\u00f3n de las mexicanas y los mexicanos y con ello elaborar una propuesta de Reforma Electoral.<br><\/p>\n\n\n\n<p>La Presidenta, Claudia Sheinbaum Pardo, destac\u00f3 que se busca la mayor participaci\u00f3n posible en las consultas, foros y mesas de discusi\u00f3n de la Reforma Electoral, por ello se escuchar\u00e1 a organizaciones sociales y civiles, partidos pol\u00edticos, comunidades ind\u00edgenas, centros de educaci\u00f3n e investigaci\u00f3n, legisladores, consejeros del Instituto Nacional Electoral (INE) en su car\u00e1cter de ciudadanos y en general, al pueblo de M\u00e9xico.<br><\/p>\n\n\n\n<p>\u201cEst\u00e1 abierta a que participen todos aquellos que deseen poner sus ideas sobre la mesa. Y, a partir de ah\u00ed, se va a hacer una propuesta que tenga que ver con los puntos que son muchos. Todo est\u00e1 a discusi\u00f3n\u201d, puntualiz\u00f3 en la conferencia matutina.<br><\/p>\n\n\n\n<figure class=\"wp-block-image size-large\"><img fetchpriority=\"high\" decoding=\"async\" width=\"1024\" height=\"506\" src=\"https:\/\/elinformante.mx\/wp-content\/uploads\/2025\/08\/3claudia-3-1024x506.jpeg\" alt=\"\" class=\"wp-image-90509\" srcset=\"https:\/\/elinformante.mx\/wp-content\/uploads\/2025\/08\/3claudia-3-1024x506.jpeg 1024w, https:\/\/elinformante.mx\/wp-content\/uploads\/2025\/08\/3claudia-3-300x148.jpeg 300w, https:\/\/elinformante.mx\/wp-content\/uploads\/2025\/08\/3claudia-3-768x379.jpeg 768w, https:\/\/elinformante.mx\/wp-content\/uploads\/2025\/08\/3claudia-3.jpeg 1140w\" sizes=\"(max-width: 1024px) 100vw, 1024px\" \/><\/figure>\n\n\n\n<p>Inform\u00f3 que tambi\u00e9n se trabaja en la creaci\u00f3n de una plataforma con la que se podr\u00e1 participar en l\u00ednea durante este proceso.<br><\/p>\n\n\n\n<p>El titular de la Comisi\u00f3n Presidencial para la Reforma Electoral, Pablo G\u00f3mez \u00c1lvarez, inform\u00f3 que las consultas inician en octubre y sus conclusiones ser\u00e1n presentadas a la Presidenta de la Rep\u00fablica en enero de 2026. Por ello, se realizar\u00e1n audiencias p\u00fablicas con organizaciones sociales y pol\u00edticas, as\u00ed como con especialistas; se organizar\u00e1n debates y eventos p\u00fablicos en todo el pa\u00eds, as\u00ed como en la sede de la Secretar\u00eda de Gobernaci\u00f3n, que encabeza la secretaria Rosa Icela Rodr\u00edguez Vel\u00e1zquez, para promover la difusi\u00f3n y discusi\u00f3n, as\u00ed como la presentaci\u00f3n de propuestas sobre el sistema electoral mexicano.<br><\/p>\n\n\n\n<p>Detall\u00f3 que durante las consultas se abordar\u00e1n 14 temas: Libertades pol\u00edticas, representaci\u00f3n del pueblo, sistema de partidos, financiamientos y prerrogativas de partidos, fiscalizaci\u00f3n de ingresos y gastos de partidos, candidatos y campa\u00f1as electorales y preelectorales, efectividad del sufragio, regulaci\u00f3n de la competencia pol\u00edtico-electoral, libertad de difusi\u00f3n de opiniones, informaciones e ideas, propaganda de poderes y organismos p\u00fablicos, sistema de votaci\u00f3n y de c\u00f3mputos dentro del territorio nacional y en el extranjero, autoridades electorales administrativas y jurisdiccionales, requisitos de elegibilidad, inmunidad de funcionarios elegidos por el pueblo y consultas populares y revocaciones de mandatos.<\/p>\n","protected":false},"excerpt":{"rendered":"<p>-En enero 2026 ser\u00e1n presentados a la Jefa del Ejecutivo Federal los resultados de las consultas, foros y mesas de discusi\u00f3n realizados en distintas ciudades del pa\u00eds El Gobierno de M\u00e9xico, a trav\u00e9s de la Comisi\u00f3n Presidencial para la Reforma Electoral, inform\u00f3 que, en octubre, iniciar\u00e1n las consultas, foros y mesas de discusi\u00f3n, que se [&hellip;]<\/p>\n","protected":false},"author":1,"featured_media":90508,"comment_status":"closed","ping_status":"closed","sticky":false,"template":"","format":"standard","meta":{"footnotes":""},"categories":[34],"tags":[],"class_list":["post-90507","post","type-post","status-publish","format-standard","has-post-thumbnail","hentry","category-nacional"],"_links":{"self":[{"href":"https:\/\/elinformante.mx\/index.php?rest_route=\/wp\/v2\/posts\/90507","targetHints":{"allow":["GET"]}}],"collection":[{"href":"https:\/\/elinformante.mx\/index.php?rest_route=\/wp\/v2\/posts"}],"about":[{"href":"https:\/\/elinformante.mx\/index.php?rest_route=\/wp\/v2\/types\/post"}],"author":[{"embeddable":true,"href":"https:\/\/elinformante.mx\/index.php?rest_route=\/wp\/v2\/users\/1"}],"replies":[{"embeddable":true,"href":"https:\/\/elinformante.mx\/index.php?rest_route=%2Fwp%2Fv2%2Fcomments&post=90507"}],"version-history":[{"count":0,"href":"https:\/\/elinformante.mx\/index.php?rest_route=\/wp\/v2\/posts\/90507\/revisions"}],"wp:featuredmedia":[{"embeddable":true,"href":"https:\/\/elinformante.mx\/index.php?rest_route=\/wp\/v2\/media\/90508"}],"wp:attachment":[{"href":"https:\/\/elinformante.mx\/index.php?rest_route=%2Fwp%2Fv2%2Fmedia&parent=90507"}],"wp:term":[{"taxonomy":"category","embeddable":true,"href":"https:\/\/elinformante.mx\/index.php?rest_route=%2Fwp%2Fv2%2Fcategories&post=90507"},{"taxonomy":"post_tag","embeddable":true,"href":"https:\/\/elinformante.mx\/index.php?rest_route=%2Fwp%2Fv2%2Ftags&post=90507"}],"curies":[{"name":"wp","href":"https:\/\/api.w.org\/{rel}","templated":true}]}}