{"id":90521,"date":"2025-08-12T07:29:04","date_gmt":"2025-08-12T13:29:04","guid":{"rendered":"https:\/\/elinformante.mx\/?p=90521"},"modified":"2025-08-13T18:04:09","modified_gmt":"2025-08-14T00:04:09","slug":"cotizacion-del-peso-refleja-trato-preferente-de-trump-en-aranceles-banxico","status":"publish","type":"post","link":"https:\/\/elinformante.mx\/?p=90521","title":{"rendered":"Cotizaci\u00f3n del peso refleja trato preferente de Trump en aranceles: Banxico"},"content":{"rendered":"\n<figure class=\"wp-block-pullquote\"><blockquote><p>La evoluci\u00f3n de los acontecimientos ha mostrado la importancia que tiene la integraci\u00f3n de las cadenas productivas norteamericanas.<\/p><\/blockquote><\/figure>\n\n\n\n<p class=\"has-drop-cap\">Victoria Rodr\u00edguez, gobernadora del Banco de M\u00e9xico (Banxico) se\u00f1al\u00f3 que el comportamiento del peso frente al d\u00f3lar pudiera estar influido por la percepci\u00f3n favorable del mercado respecto al trato preferencial que tiene M\u00e9xico en la pol\u00edtica arancelaria de Estados Unidos.<br><\/p>\n\n\n\n<p>Rodr\u00edguez explic\u00f3 que entre los factores que se tomaron en cuenta en la m\u00e1s reciente decisi\u00f3n de pol\u00edtica monetaria de la Junta de Gobierno del Banxico fueron el comportamiento de la inflaci\u00f3n, la debilidad de la actividad econ\u00f3mica y la estabilidad de la moneda mexicana en meses recientes.<br><\/p>\n\n\n\n<p>Refiri\u00f3 que el cambio en la pol\u00edtica comercial por parte de Estados Unidos ha generado un entorno de alta incertidumbre a nivel global y para el pa\u00eds, por la alta integraci\u00f3n que mantienen, y representa una elevada exposici\u00f3n a cambios en su posici\u00f3n econ\u00f3mica.<br><\/p>\n\n\n\n<p>Destac\u00f3 que la evoluci\u00f3n de los acontecimientos ha mostrado la importancia que tiene la integraci\u00f3n de las cadenas productivas norteamericanas. Y para el combate a la inflaci\u00f3n tiene implicaciones sobre ambos lados del balance de riesgos.<br><\/p>\n\n\n\n<p>Victoria Rodr\u00edguez record\u00f3 que la Junta de Gobierno decidi\u00f3 reducir la tasa de inter\u00e9s en 25 puntos base para dejarla en un nivel de 7.75 por ciento, ante el mejor comportamiento de la inflaci\u00f3n general, aunque se explica por un descenso del componente no subyacente.<br><\/p>\n\n\n\n<p>Puntualiz\u00f3 que la inflaci\u00f3n subyacente se ha mantenido relativamente estable, en 4.23% en julio, por la gradual reducci\u00f3n en los precios de los servicios que ha compensado parcialmente el alza en mercanc\u00edas, posiblemente afectada por un efecto rezagado de la depreciaci\u00f3n cambiaria del a\u00f1o pasado.<br><\/p>\n\n\n\n<p>Del mismo modo, se\u00f1al\u00f3 que a futuro, la debilidad econ\u00f3mica apoyar\u00e1 al no anticiparse presiones en los precios por el lado de la demanda.<\/p>\n","protected":false},"excerpt":{"rendered":"<p>La evoluci\u00f3n de los acontecimientos ha mostrado la importancia que tiene la integraci\u00f3n de las cadenas productivas norteamericanas. Victoria Rodr\u00edguez, gobernadora del Banco de M\u00e9xico (Banxico) se\u00f1al\u00f3 que el comportamiento del peso frente al d\u00f3lar pudiera estar influido por la percepci\u00f3n favorable del mercado respecto al trato preferencial que tiene M\u00e9xico en la pol\u00edtica arancelaria [&hellip;]<\/p>\n","protected":false},"author":1,"featured_media":90522,"comment_status":"closed","ping_status":"closed","sticky":false,"template":"","format":"standard","meta":{"footnotes":""},"categories":[30,34,31],"tags":[],"class_list":["post-90521","post","type-post","status-publish","format-standard","has-post-thumbnail","hentry","category-destacado","category-nacional","category-portada"],"_links":{"self":[{"href":"https:\/\/elinformante.mx\/index.php?rest_route=\/wp\/v2\/posts\/90521","targetHints":{"allow":["GET"]}}],"collection":[{"href":"https:\/\/elinformante.mx\/index.php?rest_route=\/wp\/v2\/posts"}],"about":[{"href":"https:\/\/elinformante.mx\/index.php?rest_route=\/wp\/v2\/types\/post"}],"author":[{"embeddable":true,"href":"https:\/\/elinformante.mx\/index.php?rest_route=\/wp\/v2\/users\/1"}],"replies":[{"embeddable":true,"href":"https:\/\/elinformante.mx\/index.php?rest_route=%2Fwp%2Fv2%2Fcomments&post=90521"}],"version-history":[{"count":0,"href":"https:\/\/elinformante.mx\/index.php?rest_route=\/wp\/v2\/posts\/90521\/revisions"}],"wp:featuredmedia":[{"embeddable":true,"href":"https:\/\/elinformante.mx\/index.php?rest_route=\/wp\/v2\/media\/90522"}],"wp:attachment":[{"href":"https:\/\/elinformante.mx\/index.php?rest_route=%2Fwp%2Fv2%2Fmedia&parent=90521"}],"wp:term":[{"taxonomy":"category","embeddable":true,"href":"https:\/\/elinformante.mx\/index.php?rest_route=%2Fwp%2Fv2%2Fcategories&post=90521"},{"taxonomy":"post_tag","embeddable":true,"href":"https:\/\/elinformante.mx\/index.php?rest_route=%2Fwp%2Fv2%2Ftags&post=90521"}],"curies":[{"name":"wp","href":"https:\/\/api.w.org\/{rel}","templated":true}]}}