{"id":90539,"date":"2025-08-13T06:11:04","date_gmt":"2025-08-13T12:11:04","guid":{"rendered":"https:\/\/elinformante.mx\/?p=90539"},"modified":"2025-08-13T18:04:06","modified_gmt":"2025-08-14T00:04:06","slug":"cazzu-podria-reunirse-con-belinda","status":"publish","type":"post","link":"https:\/\/elinformante.mx\/?p=90539","title":{"rendered":"Cazzu podr\u00eda reunirse con Belinda"},"content":{"rendered":"\n<figure class=\"wp-block-pullquote\"><blockquote><p>La cantante cont\u00f3 que podr\u00eda reunirse con Belinda y expres\u00f3 su admiraci\u00f3n por la exnovia de Christian Nodal.<\/p><\/blockquote><\/figure>\n\n\n\n<p class=\"has-drop-cap\">La cantante argentina, Cazzu y Belinda pronto compartir\u00e1n un momento que muchos seguidores han estado esperando. La artista confirm\u00f3 que en los pr\u00f3ximos d\u00edas podr\u00eda reunirse con la cantante, quien en el pasado mantuvo una relaci\u00f3n con Christian Nodal, padre de su hija Inti.<br><\/p>\n\n\n\n<p>Solo hace pocos meses, la int\u00e9rprete de trap hab\u00eda explicado que no ve\u00eda posible trabajar con Belinda en una canci\u00f3n.<br><\/p>\n\n\n\n<p>\u201cSiento que m\u00e1s bien lo de Beli es algo que como lo mueve la gente de una forma m\u00e1s morbosa, no me gustar\u00eda como alimentar los morbos\u201d.<br><\/p>\n\n\n\n<figure class=\"wp-block-image size-large\"><img fetchpriority=\"high\" decoding=\"async\" width=\"1024\" height=\"506\" src=\"https:\/\/elinformante.mx\/wp-content\/uploads\/2025\/08\/15cazzu-2-1024x506.jpg\" alt=\"\" class=\"wp-image-90541\" srcset=\"https:\/\/elinformante.mx\/wp-content\/uploads\/2025\/08\/15cazzu-2-1024x506.jpg 1024w, https:\/\/elinformante.mx\/wp-content\/uploads\/2025\/08\/15cazzu-2-300x148.jpg 300w, https:\/\/elinformante.mx\/wp-content\/uploads\/2025\/08\/15cazzu-2-768x379.jpg 768w, https:\/\/elinformante.mx\/wp-content\/uploads\/2025\/08\/15cazzu-2.jpg 1140w\" sizes=\"(max-width: 1024px) 100vw, 1024px\" \/><\/figure>\n\n\n\n<p>Sin embargo, Belinda se pronunci\u00f3 p\u00fablicamente y mostr\u00f3 su apoyo a la carrera de Cazzu. Durante una charla expres\u00f3: \u201cMe encanta que haya vendido sus Auditorios Nacionales y qu\u00e9 padre, me siento muy feliz que en M\u00e9xico la reciban con tanto amor porque se lo merece\u201d.<br><\/p>\n\n\n\n<p>Pero el pasado 11 de agosto, Cazzu hizo oficial que el encuentro con Belinda ya est\u00e1 en sus planes. La cantautora tambi\u00e9n dedic\u00f3 elogios a la cantante, quien tambi\u00e9n destaca como actriz. Aun as\u00ed, no aclar\u00f3 si aprovechar\u00e1 la reuni\u00f3n para discutir una posible colaboraci\u00f3n musical.<br><\/p>\n\n\n\n<p>La relaci\u00f3n entre Cazzu y Christian Nodal comenz\u00f3 en junio de 2022, pocos meses despu\u00e9s de que \u00e9l terminara su compromiso con Belinda.<br><\/p>\n\n\n\n<p>La ruptura con la cantante de pop se dio en febrero de ese a\u00f1o y, seg\u00fan Nodal, se debi\u00f3 a que supuestamente ella le ped\u00eda dinero. Hay que recordar que meses antes se hab\u00edan comprometido.<\/p>\n","protected":false},"excerpt":{"rendered":"<p>La cantante cont\u00f3 que podr\u00eda reunirse con Belinda y expres\u00f3 su admiraci\u00f3n por la exnovia de Christian Nodal. La cantante argentina, Cazzu y Belinda pronto compartir\u00e1n un momento que muchos seguidores han estado esperando. La artista confirm\u00f3 que en los pr\u00f3ximos d\u00edas podr\u00eda reunirse con la cantante, quien en el pasado mantuvo una relaci\u00f3n con [&hellip;]<\/p>\n","protected":false},"author":1,"featured_media":90540,"comment_status":"closed","ping_status":"closed","sticky":false,"template":"","format":"standard","meta":{"footnotes":""},"categories":[39],"tags":[],"class_list":["post-90539","post","type-post","status-publish","format-standard","has-post-thumbnail","hentry","category-espectaculos"],"_links":{"self":[{"href":"https:\/\/elinformante.mx\/index.php?rest_route=\/wp\/v2\/posts\/90539","targetHints":{"allow":["GET"]}}],"collection":[{"href":"https:\/\/elinformante.mx\/index.php?rest_route=\/wp\/v2\/posts"}],"about":[{"href":"https:\/\/elinformante.mx\/index.php?rest_route=\/wp\/v2\/types\/post"}],"author":[{"embeddable":true,"href":"https:\/\/elinformante.mx\/index.php?rest_route=\/wp\/v2\/users\/1"}],"replies":[{"embeddable":true,"href":"https:\/\/elinformante.mx\/index.php?rest_route=%2Fwp%2Fv2%2Fcomments&post=90539"}],"version-history":[{"count":0,"href":"https:\/\/elinformante.mx\/index.php?rest_route=\/wp\/v2\/posts\/90539\/revisions"}],"wp:featuredmedia":[{"embeddable":true,"href":"https:\/\/elinformante.mx\/index.php?rest_route=\/wp\/v2\/media\/90540"}],"wp:attachment":[{"href":"https:\/\/elinformante.mx\/index.php?rest_route=%2Fwp%2Fv2%2Fmedia&parent=90539"}],"wp:term":[{"taxonomy":"category","embeddable":true,"href":"https:\/\/elinformante.mx\/index.php?rest_route=%2Fwp%2Fv2%2Fcategories&post=90539"},{"taxonomy":"post_tag","embeddable":true,"href":"https:\/\/elinformante.mx\/index.php?rest_route=%2Fwp%2Fv2%2Ftags&post=90539"}],"curies":[{"name":"wp","href":"https:\/\/api.w.org\/{rel}","templated":true}]}}