{"id":90543,"date":"2025-08-13T06:12:31","date_gmt":"2025-08-13T12:12:31","guid":{"rendered":"https:\/\/elinformante.mx\/?p=90543"},"modified":"2025-08-13T18:04:03","modified_gmt":"2025-08-14T00:04:03","slug":"suena-posible-participacion-de-ryan-reynolds-como-deadpool-en-avengers-doomsday","status":"publish","type":"post","link":"https:\/\/elinformante.mx\/?p=90543","title":{"rendered":"Suena posible participaci\u00f3n de Ryan Reynolds como Deadpool en Avengers Doomsday"},"content":{"rendered":"\n<figure class=\"wp-block-pullquote\"><blockquote><p>-Como siempre es su costumbre, el actor canadiense filtr\u00f3 una imagen, que encendi\u00f3 las redes sociales.<\/p><\/blockquote><\/figure>\n\n\n\n<p class=\"has-drop-cap\">Solo basto una imagen para que Ryan Reynolds encendiera las redes sociales. El actor comparti\u00f3 en Instagram un gr\u00e1fico que mostraba una \u201cA\u201d con un dise\u00f1o tipo anarqu\u00eda superpuesta al cl\u00e1sico logo de los Avengers, lo que muchos interpretaron de inmediato como una se\u00f1al de que Deadpool podr\u00eda aparecer en Avengers: Doomsday.<br><\/p>\n\n\n\n<p>Marvel Studios a\u00fan no ha confirmado oficialmente su participaci\u00f3n, pero la reacci\u00f3n tanto de los fans como de medios especializados fue inmediata.<br><\/p>\n\n\n\n<p>Kevin Feige, presidente de Marvel Studios, ha mencionado en entrevistas que ha mantenido conversaciones con Reynolds sobre la posibilidad de que Deadpool forme parte de la pel\u00edcula.<br><\/p>\n\n\n\n<p>Mientras que algunos expertos incluso sugieren que Doomsday podr\u00eda incorporar elementos de Deadpool &amp; Wolverine, como The Void, un escenario del multiverso que encajar\u00eda perfectamente con la historia de la nueva cinta.<br><\/p>\n\n\n\n<p>Reynolds no descart\u00f3 su participaci\u00f3n, aunque jug\u00f3 con la incertidumbre al decir que no est\u00e1 siendo evasivo y que ya veremos qu\u00e9 sucede cuando le preguntaron directamente por Doomsday.<br><\/p>\n\n\n\n<p>Sin embargo, de acuerdo a las filtraciones sin confirmar, apuntan a que la pel\u00edcula reunir\u00e1 a m\u00e1s de 60 personajes, incluyendo mutantes, h\u00e9roes cl\u00e1sicos del MCU e incluso miembros de los Thunderbolts, lo que aumentar\u00eda las probabilidades de ver a Deadpool en acci\u00f3n.<br><\/p>\n\n\n\n<p>La idea de ver a Deadpool interactuar con los Vengadores entusiasma a los fans, gracias al choque entre su humor \u00e1cido y el tono \u00e9pico del universo Marvel. Si las especulaciones se confirman, Avengers: Doomsday podr\u00eda convertirse en una de las pel\u00edculas m\u00e1s ambiciosas del MCU, posicionando a Deadpool como una figura clave en esta nueva etapa.<\/p>\n","protected":false},"excerpt":{"rendered":"<p>-Como siempre es su costumbre, el actor canadiense filtr\u00f3 una imagen, que encendi\u00f3 las redes sociales. Solo basto una imagen para que Ryan Reynolds encendiera las redes sociales. El actor comparti\u00f3 en Instagram un gr\u00e1fico que mostraba una \u201cA\u201d con un dise\u00f1o tipo anarqu\u00eda superpuesta al cl\u00e1sico logo de los Avengers, lo que muchos interpretaron [&hellip;]<\/p>\n","protected":false},"author":1,"featured_media":90544,"comment_status":"closed","ping_status":"closed","sticky":false,"template":"","format":"standard","meta":{"footnotes":""},"categories":[30,39],"tags":[],"class_list":["post-90543","post","type-post","status-publish","format-standard","has-post-thumbnail","hentry","category-destacado","category-espectaculos"],"_links":{"self":[{"href":"https:\/\/elinformante.mx\/index.php?rest_route=\/wp\/v2\/posts\/90543","targetHints":{"allow":["GET"]}}],"collection":[{"href":"https:\/\/elinformante.mx\/index.php?rest_route=\/wp\/v2\/posts"}],"about":[{"href":"https:\/\/elinformante.mx\/index.php?rest_route=\/wp\/v2\/types\/post"}],"author":[{"embeddable":true,"href":"https:\/\/elinformante.mx\/index.php?rest_route=\/wp\/v2\/users\/1"}],"replies":[{"embeddable":true,"href":"https:\/\/elinformante.mx\/index.php?rest_route=%2Fwp%2Fv2%2Fcomments&post=90543"}],"version-history":[{"count":0,"href":"https:\/\/elinformante.mx\/index.php?rest_route=\/wp\/v2\/posts\/90543\/revisions"}],"wp:featuredmedia":[{"embeddable":true,"href":"https:\/\/elinformante.mx\/index.php?rest_route=\/wp\/v2\/media\/90544"}],"wp:attachment":[{"href":"https:\/\/elinformante.mx\/index.php?rest_route=%2Fwp%2Fv2%2Fmedia&parent=90543"}],"wp:term":[{"taxonomy":"category","embeddable":true,"href":"https:\/\/elinformante.mx\/index.php?rest_route=%2Fwp%2Fv2%2Fcategories&post=90543"},{"taxonomy":"post_tag","embeddable":true,"href":"https:\/\/elinformante.mx\/index.php?rest_route=%2Fwp%2Fv2%2Ftags&post=90543"}],"curies":[{"name":"wp","href":"https:\/\/api.w.org\/{rel}","templated":true}]}}