{"id":90549,"date":"2025-08-13T06:15:09","date_gmt":"2025-08-13T12:15:09","guid":{"rendered":"https:\/\/elinformante.mx\/?p=90549"},"modified":"2025-08-13T18:04:01","modified_gmt":"2025-08-14T00:04:01","slug":"llega-isaac-del-toro-a-alemania-antes-de-la-clasica-de-hamburgo-2025","status":"publish","type":"post","link":"https:\/\/elinformante.mx\/?p=90549","title":{"rendered":"Llega Isaac del Toro a Alemania antes de la Cl\u00e1sica de Hamburgo 2025"},"content":{"rendered":"\n<figure class=\"wp-block-pullquote\"><blockquote><p>La carrera en Alemania es duro reto en puerta del ciclista mexicano<\/p><\/blockquote><\/figure>\n\n\n\n<p class=\"has-drop-cap\">Con una semana de descanso, el ciclista mexicano Isaac del Toro espera poder participar y competir ahora en la Cl\u00e1sica de Hamburgo 2025, carrera de la UCI World Tour.<br><\/p>\n\n\n\n<p>El mexicano acaba de coronarse en la Vuelta a Burgos, despu\u00e9s de una remontada.<br><\/p>\n\n\n\n<p>Isaac llega a Alemania ocupando la s\u00e9ptima posici\u00f3n del ranking mundial y por lo tanto, est\u00e1 entre los favoritos para llevarse a la victoria, despu\u00e9s de su desempe\u00f1o en Austria, Terres de l\u2019Ebre, el Circuito de Getxo y la Vuelta a Burgos.<br><\/p>\n\n\n\n<figure class=\"wp-block-image size-large\"><img fetchpriority=\"high\" decoding=\"async\" width=\"1024\" height=\"506\" src=\"https:\/\/elinformante.mx\/wp-content\/uploads\/2025\/08\/14llega-1-1024x506.jpg\" alt=\"\" class=\"wp-image-90551\" srcset=\"https:\/\/elinformante.mx\/wp-content\/uploads\/2025\/08\/14llega-1-1024x506.jpg 1024w, https:\/\/elinformante.mx\/wp-content\/uploads\/2025\/08\/14llega-1-300x148.jpg 300w, https:\/\/elinformante.mx\/wp-content\/uploads\/2025\/08\/14llega-1-768x379.jpg 768w, https:\/\/elinformante.mx\/wp-content\/uploads\/2025\/08\/14llega-1.jpg 1140w\" sizes=\"(max-width: 1024px) 100vw, 1024px\" \/><\/figure>\n\n\n\n<p>El mexicano tendr\u00e1 rivales como Olav Kooij, campe\u00f3n defensor, Paul Magnier y Sam Bennett. Isaac intentar\u00e1 convertirse en el primer mexicano y latinoamericano en ganar la Cl\u00e1sica. El mejor resultado para la regi\u00f3n en la \u00faltima d\u00e9cada lleg\u00f3 en 2022, cuando Jhonathan Narv\u00e1ez finaliz\u00f3 en la cuarta posici\u00f3n.<br><\/p>\n\n\n\n<p>De las 27 ediciones de la carrera, el ciclista italiano Elia Viviani es el que m\u00e1s veces logr\u00f3 ganar la carrera: 2017, 2018 y 2019; mientras que el estadounidense Tyler Farrar logr\u00f3 un doble t\u00edtulo en 2009 y 2010. El pa\u00eds que m\u00e1s triunfos ha logrado en la historia de la carrera es Italia con 9, seguido por Alemania con cuatro y Australia con tres.<br><\/p>\n\n\n\n<p>La Cl\u00e1sica de Hamburgo 2025 (World Tour) iniciar\u00e1 el domingo 17 de agosto; saldr\u00e1 de Buxtehude y terminar\u00e1 tras un recorrido de 206,8 kil\u00f3metros en el centro de la ciudad.<br><\/p>\n\n\n\n<p>En la 28\u00b0 edici\u00f3n participar\u00e1n 23 equipos, todos con siete ciclistas. Estar\u00e1n presentes 18 escuadras del UCI WorldTour, junto a cinco equipos de la categor\u00eda ProSeries.<\/p>\n","protected":false},"excerpt":{"rendered":"<p>La carrera en Alemania es duro reto en puerta del ciclista mexicano Con una semana de descanso, el ciclista mexicano Isaac del Toro espera poder participar y competir ahora en la Cl\u00e1sica de Hamburgo 2025, carrera de la UCI World Tour. El mexicano acaba de coronarse en la Vuelta a Burgos, despu\u00e9s de una remontada. [&hellip;]<\/p>\n","protected":false},"author":1,"featured_media":90550,"comment_status":"closed","ping_status":"closed","sticky":false,"template":"","format":"standard","meta":{"footnotes":""},"categories":[38,30],"tags":[],"class_list":["post-90549","post","type-post","status-publish","format-standard","has-post-thumbnail","hentry","category-deportes","category-destacado"],"_links":{"self":[{"href":"https:\/\/elinformante.mx\/index.php?rest_route=\/wp\/v2\/posts\/90549","targetHints":{"allow":["GET"]}}],"collection":[{"href":"https:\/\/elinformante.mx\/index.php?rest_route=\/wp\/v2\/posts"}],"about":[{"href":"https:\/\/elinformante.mx\/index.php?rest_route=\/wp\/v2\/types\/post"}],"author":[{"embeddable":true,"href":"https:\/\/elinformante.mx\/index.php?rest_route=\/wp\/v2\/users\/1"}],"replies":[{"embeddable":true,"href":"https:\/\/elinformante.mx\/index.php?rest_route=%2Fwp%2Fv2%2Fcomments&post=90549"}],"version-history":[{"count":0,"href":"https:\/\/elinformante.mx\/index.php?rest_route=\/wp\/v2\/posts\/90549\/revisions"}],"wp:featuredmedia":[{"embeddable":true,"href":"https:\/\/elinformante.mx\/index.php?rest_route=\/wp\/v2\/media\/90550"}],"wp:attachment":[{"href":"https:\/\/elinformante.mx\/index.php?rest_route=%2Fwp%2Fv2%2Fmedia&parent=90549"}],"wp:term":[{"taxonomy":"category","embeddable":true,"href":"https:\/\/elinformante.mx\/index.php?rest_route=%2Fwp%2Fv2%2Fcategories&post=90549"},{"taxonomy":"post_tag","embeddable":true,"href":"https:\/\/elinformante.mx\/index.php?rest_route=%2Fwp%2Fv2%2Ftags&post=90549"}],"curies":[{"name":"wp","href":"https:\/\/api.w.org\/{rel}","templated":true}]}}