{"id":90560,"date":"2025-08-13T06:21:46","date_gmt":"2025-08-13T12:21:46","guid":{"rendered":"https:\/\/elinformante.mx\/?p=90560"},"modified":"2025-08-13T18:03:53","modified_gmt":"2025-08-14T00:03:53","slug":"la-juventud-es-el-motor-de-la-transformacion-isaac-montoya","status":"publish","type":"post","link":"https:\/\/elinformante.mx\/?p=90560","title":{"rendered":"La juventud es el motor de la transformaci\u00f3n: Isaac Montoya"},"content":{"rendered":"\n<figure class=\"wp-block-pullquote\"><blockquote><p>Se\u00f1al\u00f3 que su gobierno cree en la enorme capacidad que tienen los j\u00f3venes.<\/p><\/blockquote><\/figure>\n\n\n\n<p class=\"has-drop-cap\">En el D\u00eda Internacional de la Juventud, en el municipio de Naucalpan, el presidente municipal Isaac Montoya M\u00e1rquez hizo un reconocimiento a todas y todos los j\u00f3venes del municipio, se\u00f1alando que gracias a su creatividad, pasi\u00f3n y compromiso, han logrado inspirar cambios reales en la comunidad.<br><\/p>\n\n\n\n<p>Durante su recorrido por la colonia Bosques de Moctezuma, Montoya M\u00e1rquez afirm\u00f3 que su gobierno busca refrendar el compromiso adquirido con las y los j\u00f3venes, el cual, se\u00f1al\u00f3, es firme y decidido.<br><\/p>\n\n\n\n<p>Mencion\u00f3 que su gobierno cree profundamente en la enorme capacidad que tienen, ya sea para so\u00f1ar, luchar y alcanzar metas que logran transformar nuestra realidad.<br><\/p>\n\n\n\n<p>Y reafirm\u00f3 que para \u00e9l, las juventudes siempre han sido el motor de los grandes cambios, y eso es precisamente lo que hoy necesitamos, de su talento, de su innovaci\u00f3n y energ\u00eda que puedan sumarse a la reconstrucci\u00f3n del tejido social y al fortalecimiento del bien com\u00fan.<br><\/p>\n\n\n\n<p>Inform\u00f3 que su gobierno seguir\u00e1 impulsando pol\u00edticas p\u00fablicas que promuevan la creatividad, el arte, la cultura y el deporte, todo mediante la Direcci\u00f3n de Bienestar e Inclusi\u00f3n Social y el Instituto de las Juventudes Naucalpenses.<br><\/p>\n\n\n\n<p>Se\u00f1alo que lo que se quiere de cada uno de los j\u00f3venes de Naucalpan, es que sepan que en este municipio, cada uno tiene su lugar en esta transformaci\u00f3n profunda que estamos construyendo.<br><\/p>\n\n\n\n<figure class=\"wp-block-image size-large\"><img fetchpriority=\"high\" decoding=\"async\" width=\"1024\" height=\"506\" src=\"https:\/\/elinformante.mx\/wp-content\/uploads\/2025\/08\/12nauca-2-1024x506.jpg\" alt=\"\" class=\"wp-image-90562\" srcset=\"https:\/\/elinformante.mx\/wp-content\/uploads\/2025\/08\/12nauca-2-1024x506.jpg 1024w, https:\/\/elinformante.mx\/wp-content\/uploads\/2025\/08\/12nauca-2-300x148.jpg 300w, https:\/\/elinformante.mx\/wp-content\/uploads\/2025\/08\/12nauca-2-768x379.jpg 768w, https:\/\/elinformante.mx\/wp-content\/uploads\/2025\/08\/12nauca-2.jpg 1140w\" sizes=\"(max-width: 1024px) 100vw, 1024px\" \/><\/figure>\n\n\n\n<p>\u201cEl futuro de Naucalpan y de M\u00e9xico est\u00e1 en sus manos, y juntos podemos garantizar una mejor calidad de vida para nuestras familias y comunidades\u201d.<br><\/p>\n\n\n\n<p>Se\u00f1al\u00f3 Montoya M\u00e1rquez que para todos, la voz de los j\u00f3venes, es el presente y su visi\u00f3n es el futuro que estamos construyendo juntos.<br><\/p>\n\n\n\n<p>Recalc\u00f3 que desde su gobierno, Naucalpan seguir\u00e1 abriendo caminos para que cada idea y cada sue\u00f1o tengan la oportunidad de convertirse en realidad.<br><\/p>\n\n\n\n<p>Les pidi\u00f3 que sigan avanzando unidos, hombro con hombre, ellos con juventud y sus ganas de sobresalir, porque la transformaci\u00f3n tambi\u00e9n se escribe con la fuerza de su juventud.<br><\/p>\n\n\n\n<p>Para terminar con su jornada de visitas, Montoya M\u00e1rquez realiz\u00f3 un recorrido por el Centro Especializado de Atenci\u00f3n a Personas con Discapacidad Visual en compa\u00f1\u00eda del Director General del centro, Arturo Castilleja Quiles.<br><\/p>\n\n\n\n<p>Se\u00f1al\u00f3 que este espacio, que se ubica en el centro de Naucalpan, forma parte de la Secretar\u00eda de Salud del Gobierno del Estado de M\u00e9xico y del IMSS Bienestar, siendo un referente \u00fanico en la entidad por su labor y servicios especializados.<br><\/p>\n\n\n\n<p>Se\u00f1al\u00f3 que desde el Gobierno Municipal, se compromete a seguir trabajando de manera coordinada con todas las instituciones para garantizar que m\u00e1s personas tengan acceso a una atenci\u00f3n m\u00e9dica de calidad.<\/p>\n","protected":false},"excerpt":{"rendered":"<p>Se\u00f1al\u00f3 que su gobierno cree en la enorme capacidad que tienen los j\u00f3venes. En el D\u00eda Internacional de la Juventud, en el municipio de Naucalpan, el presidente municipal Isaac Montoya M\u00e1rquez hizo un reconocimiento a todas y todos los j\u00f3venes del municipio, se\u00f1alando que gracias a su creatividad, pasi\u00f3n y compromiso, han logrado inspirar cambios [&hellip;]<\/p>\n","protected":false},"author":1,"featured_media":90561,"comment_status":"closed","ping_status":"closed","sticky":false,"template":"","format":"standard","meta":{"footnotes":""},"categories":[36],"tags":[],"class_list":["post-90560","post","type-post","status-publish","format-standard","has-post-thumbnail","hentry","category-edomex"],"_links":{"self":[{"href":"https:\/\/elinformante.mx\/index.php?rest_route=\/wp\/v2\/posts\/90560","targetHints":{"allow":["GET"]}}],"collection":[{"href":"https:\/\/elinformante.mx\/index.php?rest_route=\/wp\/v2\/posts"}],"about":[{"href":"https:\/\/elinformante.mx\/index.php?rest_route=\/wp\/v2\/types\/post"}],"author":[{"embeddable":true,"href":"https:\/\/elinformante.mx\/index.php?rest_route=\/wp\/v2\/users\/1"}],"replies":[{"embeddable":true,"href":"https:\/\/elinformante.mx\/index.php?rest_route=%2Fwp%2Fv2%2Fcomments&post=90560"}],"version-history":[{"count":0,"href":"https:\/\/elinformante.mx\/index.php?rest_route=\/wp\/v2\/posts\/90560\/revisions"}],"wp:featuredmedia":[{"embeddable":true,"href":"https:\/\/elinformante.mx\/index.php?rest_route=\/wp\/v2\/media\/90561"}],"wp:attachment":[{"href":"https:\/\/elinformante.mx\/index.php?rest_route=%2Fwp%2Fv2%2Fmedia&parent=90560"}],"wp:term":[{"taxonomy":"category","embeddable":true,"href":"https:\/\/elinformante.mx\/index.php?rest_route=%2Fwp%2Fv2%2Fcategories&post=90560"},{"taxonomy":"post_tag","embeddable":true,"href":"https:\/\/elinformante.mx\/index.php?rest_route=%2Fwp%2Fv2%2Ftags&post=90560"}],"curies":[{"name":"wp","href":"https:\/\/api.w.org\/{rel}","templated":true}]}}