{"id":90564,"date":"2025-08-13T06:24:18","date_gmt":"2025-08-13T12:24:18","guid":{"rendered":"https:\/\/elinformante.mx\/?p=90564"},"modified":"2025-08-13T18:03:50","modified_gmt":"2025-08-14T00:03:50","slug":"entrega-ana-muniz-canastas-alimentarias-a-pobladores-de-san-mateo-atenco","status":"publish","type":"post","link":"https:\/\/elinformante.mx\/?p=90564","title":{"rendered":"Entrega Ana Mu\u00f1iz canastas alimentarias a pobladores de San Mateo Atenco"},"content":{"rendered":"\n<figure class=\"wp-block-pullquote\"><blockquote><p>Afirm\u00f3 que su gobierno continuar\u00e1 trabajando fuertemente por mejorar la salud, el desarrollo y el bienestar de las familias atequenses.<\/p><\/blockquote><\/figure>\n\n\n\n<p class=\"has-drop-cap\">En el municipio de San Mateo Atenco, la presidenta municipal, Ana Mu\u00f1iz Neyra, visit\u00f3 las instalaciones del DIF San Mateo Atenco, y junto con el presidente honorario Oscar Mu\u00f1iz Maynez hicieron entrega a vecinos y vecinas del municipio de canastas alimentarias.<br><\/p>\n\n\n\n<p>Durante la entrega, Mu\u00f1iz Neyra inform\u00f3 que estas canastas alimentarias fueron tramitadas y gestionadas ante el DIF Estado de M\u00e9xico. Agradeci\u00f3 a la directora general Karina Labastida Sotelo por todo el apoyo brindado a las familias atequenses que m\u00e1s lo necesitan.<br><\/p>\n\n\n\n<figure class=\"wp-block-image size-large\"><img fetchpriority=\"high\" decoding=\"async\" width=\"1024\" height=\"506\" src=\"https:\/\/elinformante.mx\/wp-content\/uploads\/2025\/08\/12san-2-1024x506.jpg\" alt=\"\" class=\"wp-image-90566\" srcset=\"https:\/\/elinformante.mx\/wp-content\/uploads\/2025\/08\/12san-2-1024x506.jpg 1024w, https:\/\/elinformante.mx\/wp-content\/uploads\/2025\/08\/12san-2-300x148.jpg 300w, https:\/\/elinformante.mx\/wp-content\/uploads\/2025\/08\/12san-2-768x379.jpg 768w, https:\/\/elinformante.mx\/wp-content\/uploads\/2025\/08\/12san-2.jpg 1140w\" sizes=\"(max-width: 1024px) 100vw, 1024px\" \/><\/figure>\n\n\n\n<p>Y afirm\u00f3 que su gobierno continuar\u00e1 trabajando fuertemente por mejorar la salud, el desarrollo y el bienestar de las familias atequenses.<br><\/p>\n\n\n\n<p>Mientras que Oscar Mu\u00f1iz se\u00f1al\u00f3 que las canastas alimentarias contienen m\u00e1s que alimentos, en ellas se incluye apoyo, solidaridad y esperanza, adem\u00e1s de buscar fortalecer los lazos con quienes m\u00e1s lo necesitan.<br><\/p>\n\n\n\n<p>M\u00e1s tarde Ana Mu\u00f1iz se reuni\u00f3 con el embajador de Panam\u00e1 en M\u00e9xico, Abraham Mart\u00ednez Montilla, y a la alcaldesa Nadine Gonz\u00e1lez, quien es presidenta de la Asociaci\u00f3n de Municipios de Panam\u00e1 &#8211; AMUPA, a quienes agradeci\u00f3 su respaldo, y se\u00f1al\u00f3 que ser\u00e1 un enorme placer poder trabajar unidos para generar proyectos que beneficien a la industria del calzado.<\/p>\n","protected":false},"excerpt":{"rendered":"<p>Afirm\u00f3 que su gobierno continuar\u00e1 trabajando fuertemente por mejorar la salud, el desarrollo y el bienestar de las familias atequenses. En el municipio de San Mateo Atenco, la presidenta municipal, Ana Mu\u00f1iz Neyra, visit\u00f3 las instalaciones del DIF San Mateo Atenco, y junto con el presidente honorario Oscar Mu\u00f1iz Maynez hicieron entrega a vecinos y [&hellip;]<\/p>\n","protected":false},"author":1,"featured_media":90565,"comment_status":"closed","ping_status":"closed","sticky":false,"template":"","format":"standard","meta":{"footnotes":""},"categories":[30,36],"tags":[],"class_list":["post-90564","post","type-post","status-publish","format-standard","has-post-thumbnail","hentry","category-destacado","category-edomex"],"_links":{"self":[{"href":"https:\/\/elinformante.mx\/index.php?rest_route=\/wp\/v2\/posts\/90564","targetHints":{"allow":["GET"]}}],"collection":[{"href":"https:\/\/elinformante.mx\/index.php?rest_route=\/wp\/v2\/posts"}],"about":[{"href":"https:\/\/elinformante.mx\/index.php?rest_route=\/wp\/v2\/types\/post"}],"author":[{"embeddable":true,"href":"https:\/\/elinformante.mx\/index.php?rest_route=\/wp\/v2\/users\/1"}],"replies":[{"embeddable":true,"href":"https:\/\/elinformante.mx\/index.php?rest_route=%2Fwp%2Fv2%2Fcomments&post=90564"}],"version-history":[{"count":0,"href":"https:\/\/elinformante.mx\/index.php?rest_route=\/wp\/v2\/posts\/90564\/revisions"}],"wp:featuredmedia":[{"embeddable":true,"href":"https:\/\/elinformante.mx\/index.php?rest_route=\/wp\/v2\/media\/90565"}],"wp:attachment":[{"href":"https:\/\/elinformante.mx\/index.php?rest_route=%2Fwp%2Fv2%2Fmedia&parent=90564"}],"wp:term":[{"taxonomy":"category","embeddable":true,"href":"https:\/\/elinformante.mx\/index.php?rest_route=%2Fwp%2Fv2%2Fcategories&post=90564"},{"taxonomy":"post_tag","embeddable":true,"href":"https:\/\/elinformante.mx\/index.php?rest_route=%2Fwp%2Fv2%2Ftags&post=90564"}],"curies":[{"name":"wp","href":"https:\/\/api.w.org\/{rel}","templated":true}]}}