{"id":90579,"date":"2025-08-13T06:37:55","date_gmt":"2025-08-13T12:37:55","guid":{"rendered":"https:\/\/elinformante.mx\/?p=90579"},"modified":"2025-08-13T18:03:39","modified_gmt":"2025-08-14T00:03:39","slug":"uaemex-analiza-auditar-administracion-anterior-para-garantizar-transparencia","status":"publish","type":"post","link":"https:\/\/elinformante.mx\/?p=90579","title":{"rendered":"UAEM\u00e9x analiza auditar administraci\u00f3n anterior para garantizar transparencia"},"content":{"rendered":"\n<figure class=\"wp-block-pullquote\"><blockquote><p>-La rectora Zarza Delgado mantuvo una mesa de trabajo con estudiantes de la Facultad de Econom\u00eda.<\/p><\/blockquote><\/figure>\n\n\n\n<p class=\"has-drop-cap\">Inform\u00f3 la Universidad Aut\u00f3noma del Estado de M\u00e9xico (UAEM\u00e9x) que est\u00e1n evaluando la viabilidad de auditar la gesti\u00f3n anterior, esto tras una serie de solicitudes presentadas por estudiantes de la Facultad de Econom\u00eda para fortalecer la transparencia en los procesos administrativos; sin embargo se\u00f1alaron que las auditor\u00edas anuales se realizan y publican regularmente.<br><\/p>\n\n\n\n<p>La rectora Patricia Zarza Delgado, acompa\u00f1ada por autoridades universitarias atendi\u00f3 en la mesa de trabajo con la asamblea estudiantil de la Facultad de Econom\u00eda diversas solicitudes relacionadas con infraestructura, higiene y mecanismos de evaluaci\u00f3n.<br><\/p>\n\n\n\n<p>En la asamblea se plante\u00f3 mejoras en infraestructura, instalaci\u00f3n de lavamanos y suministro de art\u00edculos de higiene en sanitarios. Adem\u00e1s, propuso la creaci\u00f3n de mecanismos p\u00fablicos para la evaluaci\u00f3n estudiantil y del personal docente.<br><\/p>\n\n\n\n<p>Zarza Delgado inform\u00f3 que ya se avanz\u00f3 en las cotizaciones de materiales necesarios, sin embargo para completar el proceso es necesaria la participaci\u00f3n de la Direcci\u00f3n de Tecnolog\u00edas de la Informaci\u00f3n y Comunicaciones para habilitar procedimientos que garanticen la transparencia en el manejo de recursos.<br><\/p>\n\n\n\n<p>Como parte de los acuerdos, se acord\u00f3 establecer una mesa de trabajo permanente integrada por estudiantes, docentes y personal administrativo para dar seguimiento a las problem\u00e1ticas y propuestas.<br><\/p>\n\n\n\n<figure class=\"wp-block-image size-large\"><img fetchpriority=\"high\" decoding=\"async\" width=\"1024\" height=\"506\" src=\"https:\/\/elinformante.mx\/wp-content\/uploads\/2025\/08\/10UAEMEX-8-1024x506.jpg\" alt=\"\" class=\"wp-image-90581\" srcset=\"https:\/\/elinformante.mx\/wp-content\/uploads\/2025\/08\/10UAEMEX-8-1024x506.jpg 1024w, https:\/\/elinformante.mx\/wp-content\/uploads\/2025\/08\/10UAEMEX-8-300x148.jpg 300w, https:\/\/elinformante.mx\/wp-content\/uploads\/2025\/08\/10UAEMEX-8-768x379.jpg 768w, https:\/\/elinformante.mx\/wp-content\/uploads\/2025\/08\/10UAEMEX-8.jpg 1140w\" sizes=\"(max-width: 1024px) 100vw, 1024px\" \/><\/figure>\n\n\n\n<p>Tambi\u00e9n se propuso crear una Coordinaci\u00f3n de Atenci\u00f3n a las Demandas Estudiantiles para canalizar inquietudes y dar seguimiento a los acuerdos. Adem\u00e1s inform\u00f3 que en caso de tener alguna denuncia contra el personal docente o administrativo, se deben presentarse formalmente con pruebas para que las instancias correspondientes puedan dar seguimiento.<br><\/p>\n\n\n\n<p>Finalmente, la asamblea acord\u00f3 realizar una votaci\u00f3n democr\u00e1tica para definir el inicio de clases, con un proceso transparente y participativo.<br><\/p>\n\n\n\n<p>Adem\u00e1s se reuni\u00f3 la rectora en una mesa de di\u00e1logo con la asamblea estudiantil de la Facultad de Geograf\u00eda para atender sus principales demandas. Entre los temas prioritarios, se abord\u00f3 la solicitud de destituci\u00f3n de personal docente, la cual ser\u00e1 revisada conforme a los procesos jur\u00eddicos correspondientes. Para garantizar un ambiente seguro y libre de represalias, se propuso la firma de un acuerdo de mutuo respeto.<br><\/p>\n\n\n\n<p>La asamblea plante\u00f3 demandas en infraestructura, como la instalaci\u00f3n de rampas para personas con discapacidad, ampliaci\u00f3n del laboratorio de Geolog\u00eda y adquisici\u00f3n de equipo acad\u00e9mico. Adem\u00e1s, se eval\u00faa ampliar los servicios de salud y apoyo psicol\u00f3gico para estudiantes, as\u00ed como la creaci\u00f3n de un fondo para vi\u00e1ticos en pr\u00e1cticas de campo.<br><\/p>\n\n\n\n<p>Buscando facilitar la gesti\u00f3n de estas solicitudes, se propondr\u00e1 una coordinaci\u00f3n que centralice la atenci\u00f3n y seguimiento a las demandas estudiantiles. La rectora reafirm\u00f3 su compromiso con la transformaci\u00f3n universitaria y la construcci\u00f3n de un ambiente acad\u00e9mico inclusivo, seguro y de calidad, en colaboraci\u00f3n con la comunidad de la Facultad de Geograf\u00eda.<\/p>\n","protected":false},"excerpt":{"rendered":"<p>-La rectora Zarza Delgado mantuvo una mesa de trabajo con estudiantes de la Facultad de Econom\u00eda. Inform\u00f3 la Universidad Aut\u00f3noma del Estado de M\u00e9xico (UAEM\u00e9x) que est\u00e1n evaluando la viabilidad de auditar la gesti\u00f3n anterior, esto tras una serie de solicitudes presentadas por estudiantes de la Facultad de Econom\u00eda para fortalecer la transparencia en los [&hellip;]<\/p>\n","protected":false},"author":1,"featured_media":90580,"comment_status":"closed","ping_status":"closed","sticky":false,"template":"","format":"standard","meta":{"footnotes":""},"categories":[30,36],"tags":[],"class_list":["post-90579","post","type-post","status-publish","format-standard","has-post-thumbnail","hentry","category-destacado","category-edomex"],"_links":{"self":[{"href":"https:\/\/elinformante.mx\/index.php?rest_route=\/wp\/v2\/posts\/90579","targetHints":{"allow":["GET"]}}],"collection":[{"href":"https:\/\/elinformante.mx\/index.php?rest_route=\/wp\/v2\/posts"}],"about":[{"href":"https:\/\/elinformante.mx\/index.php?rest_route=\/wp\/v2\/types\/post"}],"author":[{"embeddable":true,"href":"https:\/\/elinformante.mx\/index.php?rest_route=\/wp\/v2\/users\/1"}],"replies":[{"embeddable":true,"href":"https:\/\/elinformante.mx\/index.php?rest_route=%2Fwp%2Fv2%2Fcomments&post=90579"}],"version-history":[{"count":0,"href":"https:\/\/elinformante.mx\/index.php?rest_route=\/wp\/v2\/posts\/90579\/revisions"}],"wp:featuredmedia":[{"embeddable":true,"href":"https:\/\/elinformante.mx\/index.php?rest_route=\/wp\/v2\/media\/90580"}],"wp:attachment":[{"href":"https:\/\/elinformante.mx\/index.php?rest_route=%2Fwp%2Fv2%2Fmedia&parent=90579"}],"wp:term":[{"taxonomy":"category","embeddable":true,"href":"https:\/\/elinformante.mx\/index.php?rest_route=%2Fwp%2Fv2%2Fcategories&post=90579"},{"taxonomy":"post_tag","embeddable":true,"href":"https:\/\/elinformante.mx\/index.php?rest_route=%2Fwp%2Fv2%2Ftags&post=90579"}],"curies":[{"name":"wp","href":"https:\/\/api.w.org\/{rel}","templated":true}]}}