{"id":90594,"date":"2025-08-13T07:01:02","date_gmt":"2025-08-13T13:01:02","guid":{"rendered":"https:\/\/elinformante.mx\/?p=90594"},"modified":"2025-08-13T18:03:18","modified_gmt":"2025-08-14T00:03:18","slug":"presentan-en-lerma-la-tarjeta-de-descuentos-la-mera-mera","status":"publish","type":"post","link":"https:\/\/elinformante.mx\/?p=90594","title":{"rendered":"Presentan en Lerma la tarjeta de descuentos \u201cLa Mera Mera\u201d"},"content":{"rendered":"\n<figure class=\"wp-block-pullquote\"><blockquote><p>Con esta tarjeta se tendr\u00e1n descuentos del 10 al 40% en establecimientos comerciales locales.<\/p><\/blockquote><\/figure>\n\n\n\n<p class=\"has-drop-cap\">En el ayuntamiento de Lerma, encabezado por el presidente municipal Miguel \u00c1ngel Ram\u00edrez Ponce, y en compa\u00f1\u00eda de la presidenta del DIF municipal, Marisol Mote Mart\u00ednez, presentaron la tarjeta de descuentos \u201cLa Mera Mera\u201d.<br><\/p>\n\n\n\n<figure class=\"wp-block-image size-large\"><img fetchpriority=\"high\" decoding=\"async\" width=\"1024\" height=\"506\" src=\"https:\/\/elinformante.mx\/wp-content\/uploads\/2025\/08\/8lerma-2-1024x506.jpg\" alt=\"\" class=\"wp-image-90596\" srcset=\"https:\/\/elinformante.mx\/wp-content\/uploads\/2025\/08\/8lerma-2-1024x506.jpg 1024w, https:\/\/elinformante.mx\/wp-content\/uploads\/2025\/08\/8lerma-2-300x148.jpg 300w, https:\/\/elinformante.mx\/wp-content\/uploads\/2025\/08\/8lerma-2-768x379.jpg 768w, https:\/\/elinformante.mx\/wp-content\/uploads\/2025\/08\/8lerma-2.jpg 1140w\" sizes=\"(max-width: 1024px) 100vw, 1024px\" \/><\/figure>\n\n\n\n<p>Durante la presentaci\u00f3n se\u00f1alaron que esta iniciativa busca fortalecer la econom\u00eda familiar y fomentar el consumo local.<br><\/p>\n\n\n\n<p>Se\u00f1alaron las autoridades que la tarjeta ofrecer\u00e1 beneficios que van del 10 al 40% de productos en una amplia red de establecimientos comerciales ubicados en las ocho regiones del municipio.<br><\/p>\n\n\n\n<figure class=\"wp-block-image size-large\"><img decoding=\"async\" width=\"1024\" height=\"506\" src=\"https:\/\/elinformante.mx\/wp-content\/uploads\/2025\/08\/8lerma-3-1024x506.jpg\" alt=\"\" class=\"wp-image-90597\" srcset=\"https:\/\/elinformante.mx\/wp-content\/uploads\/2025\/08\/8lerma-3-1024x506.jpg 1024w, https:\/\/elinformante.mx\/wp-content\/uploads\/2025\/08\/8lerma-3-300x148.jpg 300w, https:\/\/elinformante.mx\/wp-content\/uploads\/2025\/08\/8lerma-3-768x379.jpg 768w, https:\/\/elinformante.mx\/wp-content\/uploads\/2025\/08\/8lerma-3.jpg 1140w\" sizes=\"(max-width: 1024px) 100vw, 1024px\" \/><\/figure>\n\n\n\n<p>Mote Mart\u00ednez destac\u00f3 que \u201cLa Mera Mera\u201d no solo representa un alivio para el gasto diario de las familias lermenses, especialmente de las mujeres, sino que tambi\u00e9n impulsa el desarrollo de los negocios locales que se han sumado al proyecto.<br><\/p>\n\n\n\n<p>Se\u00f1al\u00f3 Mote Mart\u00ednez: \u201cQueremos que nuestras mujeres tengan m\u00e1s oportunidades para sacar adelante a sus familias, y que cada peso les rinda m\u00e1s. \u201cLa Mera Mera\u201d no solo son descuentos, sino un respaldo real para quienes todos los d\u00edas dan lo mejor de s\u00ed\u2019\u201d.<br><\/p>\n\n\n\n<figure class=\"wp-block-image size-large\"><img decoding=\"async\" width=\"1024\" height=\"506\" src=\"https:\/\/elinformante.mx\/wp-content\/uploads\/2025\/08\/8lerma-1024x506.jpg\" alt=\"\" class=\"wp-image-90598\" srcset=\"https:\/\/elinformante.mx\/wp-content\/uploads\/2025\/08\/8lerma-1024x506.jpg 1024w, https:\/\/elinformante.mx\/wp-content\/uploads\/2025\/08\/8lerma-300x148.jpg 300w, https:\/\/elinformante.mx\/wp-content\/uploads\/2025\/08\/8lerma-768x379.jpg 768w, https:\/\/elinformante.mx\/wp-content\/uploads\/2025\/08\/8lerma.jpg 1140w\" sizes=\"(max-width: 1024px) 100vw, 1024px\" \/><\/figure>\n\n\n\n<p>Adem\u00e1s las autoridades de Lerma hicieron un llamado a la ciudadan\u00eda para solicitar su tarjeta; pero tambi\u00e9n pidieron a los comercios locales que se adhieran al programa para poder ampliar la red de beneficios.<br><\/p>\n\n\n\n<p>Se\u00f1alaron que las personas interesadas en obtener la tarjeta \u201cLa Mera Mera\u201d pueden acudir a las oficinas de la Direcci\u00f3n de Gesti\u00f3n Integral para el Desarrollo, ubicadas en el edificio del Complejo Administrativo Municipal.<\/p>\n","protected":false},"excerpt":{"rendered":"<p>Con esta tarjeta se tendr\u00e1n descuentos del 10 al 40% en establecimientos comerciales locales. En el ayuntamiento de Lerma, encabezado por el presidente municipal Miguel \u00c1ngel Ram\u00edrez Ponce, y en compa\u00f1\u00eda de la presidenta del DIF municipal, Marisol Mote Mart\u00ednez, presentaron la tarjeta de descuentos \u201cLa Mera Mera\u201d. Durante la presentaci\u00f3n se\u00f1alaron que esta iniciativa [&hellip;]<\/p>\n","protected":false},"author":1,"featured_media":90595,"comment_status":"closed","ping_status":"closed","sticky":false,"template":"","format":"standard","meta":{"footnotes":""},"categories":[30,36,31],"tags":[46],"class_list":["post-90594","post","type-post","status-publish","format-standard","has-post-thumbnail","hentry","category-destacado","category-edomex","category-portada","tag-portadaedomex"],"_links":{"self":[{"href":"https:\/\/elinformante.mx\/index.php?rest_route=\/wp\/v2\/posts\/90594","targetHints":{"allow":["GET"]}}],"collection":[{"href":"https:\/\/elinformante.mx\/index.php?rest_route=\/wp\/v2\/posts"}],"about":[{"href":"https:\/\/elinformante.mx\/index.php?rest_route=\/wp\/v2\/types\/post"}],"author":[{"embeddable":true,"href":"https:\/\/elinformante.mx\/index.php?rest_route=\/wp\/v2\/users\/1"}],"replies":[{"embeddable":true,"href":"https:\/\/elinformante.mx\/index.php?rest_route=%2Fwp%2Fv2%2Fcomments&post=90594"}],"version-history":[{"count":0,"href":"https:\/\/elinformante.mx\/index.php?rest_route=\/wp\/v2\/posts\/90594\/revisions"}],"wp:featuredmedia":[{"embeddable":true,"href":"https:\/\/elinformante.mx\/index.php?rest_route=\/wp\/v2\/media\/90595"}],"wp:attachment":[{"href":"https:\/\/elinformante.mx\/index.php?rest_route=%2Fwp%2Fv2%2Fmedia&parent=90594"}],"wp:term":[{"taxonomy":"category","embeddable":true,"href":"https:\/\/elinformante.mx\/index.php?rest_route=%2Fwp%2Fv2%2Fcategories&post=90594"},{"taxonomy":"post_tag","embeddable":true,"href":"https:\/\/elinformante.mx\/index.php?rest_route=%2Fwp%2Fv2%2Ftags&post=90594"}],"curies":[{"name":"wp","href":"https:\/\/api.w.org\/{rel}","templated":true}]}}