{"id":90608,"date":"2025-08-13T07:06:20","date_gmt":"2025-08-13T13:06:20","guid":{"rendered":"https:\/\/elinformante.mx\/?p=90608"},"modified":"2025-08-13T18:03:11","modified_gmt":"2025-08-14T00:03:11","slug":"cablebus-obtiene-certificaciones-internacionales-de-seguridad-tras-revision-anual","status":"publish","type":"post","link":"https:\/\/elinformante.mx\/?p=90608","title":{"rendered":"Cableb\u00fas obtiene certificaciones internacionales de seguridad tras revisi\u00f3n anual"},"content":{"rendered":"\n<figure class=\"wp-block-pullquote\"><blockquote><p>El STE agradece la comprensi\u00f3n de la poblaci\u00f3n usuaria por su paciencia durante los trabajos de revisi\u00f3n anual.<\/p><\/blockquote><\/figure>\n\n\n\n<p class=\"has-drop-cap\">El Servicio de Transportes El\u00e9ctricos (STE) de la Ciudad de M\u00e9xico informa que concluyeron con \u00e9xito los trabajos de la revisi\u00f3n anual en las tres l\u00edneas de Cableb\u00fas, por lo que a partir del lunes 11 de agosto, las y los usuarios de las L\u00edneas 1 y 2 ya hacen uso de estas opciones de movilidad, con la garant\u00eda de que utilizan un transporte moderno y seguro.<br><\/p>\n\n\n\n<p>Para las revisiones anuales se corrobor\u00f3 la correcta operaci\u00f3n de todos los sistemas y del cable; se hicieron pruebas de carga y frenado, pruebas el\u00e9ctricas de todos los componentes, verificaci\u00f3n f\u00edsica de los dispositivos que conforman la l\u00ednea, as\u00ed como la revisi\u00f3n general de motores, balancines, torres o pilonas.<br><\/p>\n\n\n\n<p>Asimismo, este proceso permiti\u00f3 refrendar los certificados de seguridad que proporcionan las empresas alemanas T\u00dcV S\u00dcD a las l\u00edneas 1 y 3 y T\u00dcV Rheinland a la L\u00ednea 2.<br><\/p>\n\n\n\n<p>Durante los d\u00edas que las l\u00edneas permanecieron cerradas, en coordinaci\u00f3n con la Secretar\u00eda de Movilidad (SEMOVI) y la Red de Transporte de Pasajeros (RTP), se implement\u00f3 un servicio de apoyo gratuito para trasladar a las personas usuarias, en el mismo horario de operaci\u00f3n de las l\u00edneas, para no afectar sus actividades cotidianas.<br><\/p>\n\n\n\n<p>Finalmente, cabe reiterar que estas revisiones anuales se realizan en todos los telef\u00e9ricos en el mundo como ocurre en Colombia, Per\u00fa, Rep\u00fablica Dominicana e incluso en el Estado de M\u00e9xico con el Mexicable, y de acuerdo con la normativa europea, de manera obligatoria cada a\u00f1o se tiene que realizar una inspecci\u00f3n del sistema para mantener la certificaci\u00f3n que se tiene.<br><\/p>\n\n\n\n<p>El STE agradece la comprensi\u00f3n de la poblaci\u00f3n usuaria por su paciencia durante los trabajos de revisi\u00f3n anual, as\u00ed como a la RTP por su apoyo trasladando a la ciudadan\u00eda en sus autobuses sin costo alguno.<\/p>\n","protected":false},"excerpt":{"rendered":"<p>El STE agradece la comprensi\u00f3n de la poblaci\u00f3n usuaria por su paciencia durante los trabajos de revisi\u00f3n anual. El Servicio de Transportes El\u00e9ctricos (STE) de la Ciudad de M\u00e9xico informa que concluyeron con \u00e9xito los trabajos de la revisi\u00f3n anual en las tres l\u00edneas de Cableb\u00fas, por lo que a partir del lunes 11 de [&hellip;]<\/p>\n","protected":false},"author":1,"featured_media":90609,"comment_status":"closed","ping_status":"closed","sticky":false,"template":"","format":"standard","meta":{"footnotes":""},"categories":[35],"tags":[],"class_list":["post-90608","post","type-post","status-publish","format-standard","has-post-thumbnail","hentry","category-cdmx"],"_links":{"self":[{"href":"https:\/\/elinformante.mx\/index.php?rest_route=\/wp\/v2\/posts\/90608","targetHints":{"allow":["GET"]}}],"collection":[{"href":"https:\/\/elinformante.mx\/index.php?rest_route=\/wp\/v2\/posts"}],"about":[{"href":"https:\/\/elinformante.mx\/index.php?rest_route=\/wp\/v2\/types\/post"}],"author":[{"embeddable":true,"href":"https:\/\/elinformante.mx\/index.php?rest_route=\/wp\/v2\/users\/1"}],"replies":[{"embeddable":true,"href":"https:\/\/elinformante.mx\/index.php?rest_route=%2Fwp%2Fv2%2Fcomments&post=90608"}],"version-history":[{"count":0,"href":"https:\/\/elinformante.mx\/index.php?rest_route=\/wp\/v2\/posts\/90608\/revisions"}],"wp:featuredmedia":[{"embeddable":true,"href":"https:\/\/elinformante.mx\/index.php?rest_route=\/wp\/v2\/media\/90609"}],"wp:attachment":[{"href":"https:\/\/elinformante.mx\/index.php?rest_route=%2Fwp%2Fv2%2Fmedia&parent=90608"}],"wp:term":[{"taxonomy":"category","embeddable":true,"href":"https:\/\/elinformante.mx\/index.php?rest_route=%2Fwp%2Fv2%2Fcategories&post=90608"},{"taxonomy":"post_tag","embeddable":true,"href":"https:\/\/elinformante.mx\/index.php?rest_route=%2Fwp%2Fv2%2Ftags&post=90608"}],"curies":[{"name":"wp","href":"https:\/\/api.w.org\/{rel}","templated":true}]}}