{"id":90615,"date":"2025-08-13T07:15:35","date_gmt":"2025-08-13T13:15:35","guid":{"rendered":"https:\/\/elinformante.mx\/?p=90615"},"modified":"2025-08-13T18:03:06","modified_gmt":"2025-08-14T00:03:06","slug":"anuncia-libia-garcia-decreto-para-apoyar-a-la-industria-nacional-del-calzado-en-guanajuato","status":"publish","type":"post","link":"https:\/\/elinformante.mx\/?p=90615","title":{"rendered":"Anuncia Libia Garc\u00eda decreto para apoyar a la Industria Nacional del Calzado en Guanajuato"},"content":{"rendered":"\n<figure class=\"wp-block-pullquote\"><blockquote><p>-Es una medida que busca cerrar la puerta a pr\u00e1cticas indebidas que han afectado a la industria nacional del calzado, dijo la Gobernadora.<\/p><\/blockquote><\/figure>\n\n\n\n<p class=\"has-drop-cap\">Tras presidir la ceremonia de inauguraci\u00f3n de SAPICA, la Gobernadora de la Gente, Libia Dennise Garc\u00eda Mu\u00f1oz Ledo, celebr\u00f3 que el Gobierno de M\u00e9xico a trav\u00e9s del Secretario de Econom\u00eda, Marcelo Ebrard Casaub\u00f3n, anuncie la publicaci\u00f3n del Decreto para apoyar a la Industria Nacional del Calzado.<br><\/p>\n\n\n\n<p>El Secretario de Econom\u00eda, Marcelo Ebrard, explic\u00f3 que este Decreto se\u00f1ala que en M\u00e9xico ya no se va a permitir la importaci\u00f3n de productos de calzado, en el formato temporal a nuestro pa\u00eds ya se acab\u00f3. Significa que ya no podr\u00e1 ser importado a M\u00e9xico calzado terminado que no pague impuestos.<br><\/p>\n\n\n\n<p>El objetivo es que no se pongan en condiciones de desventaja a la industria del calzado mexicano en contra del calzado de otros pa\u00edses, agreg\u00f3 el Secretario de Econom\u00eda, quien resalt\u00f3 que este es resultado de un trabajo coordinado con los empresarios de este sector y las autoridades estatales.<br><\/p>\n\n\n\n<p>La Gobernadora agreg\u00f3 que la exclusi\u00f3n del calzado terminado del IMMEX, es un paso firme para combatir el contrabando y la competencia ilegal, adem\u00e1s de fortalecer el mercado interno y proteger los empleos.<br><\/p>\n\n\n\n<p>Es una medida que restablece condiciones m\u00e1s justas para que las empresas nacionales compitan, impulsen la innovaci\u00f3n y sigan llevando el nombre de M\u00e9xico y de Guanajuato al mundo.<br><\/p>\n\n\n\n<p>El Presidente de CICEG, Juan Carlos Cashat Usabiaga, tambi\u00e9n celebr\u00f3 el anuncio de este decreto federal, que viene a proteger los empleos de miles de familias guanajuatenses que viven de esta industria.<br><\/p>\n\n\n\n<p>Durante el evento, la Gobernadora de la Gente, Libia Dennise Garc\u00eda Mu\u00f1oz Ledo, y el Secretario de Econom\u00eda del Gobierno de M\u00e9xico, Marcelo Ebrard Casaub\u00f3n, firmaron del Convenio de Coordinaci\u00f3n para poner en marcha el Polo de Desarrollo Econ\u00f3mico para el Bienestar \u201cPuerta Log\u00edstica del Baj\u00edo\u201d.<br><\/p>\n\n\n\n<p>La Puerta Log\u00edstica del Baj\u00edo es un pol\u00edgono estrat\u00e9gico ubicado en Celaya, Guanajuato, coraz\u00f3n log\u00edstico del pa\u00eds, que aprovechar\u00e1 su posici\u00f3n geogr\u00e1fica privilegiada, su conectividad carretera y ferroviaria, as\u00ed como la fortaleza industrial y manufacturera de la regi\u00f3n.<br><\/p>\n\n\n\n<p>El Convenio de Coordinaci\u00f3n que se firm\u00f3 establece las bases y mecanismos de colaboraci\u00f3n entre el Gobierno de M\u00e9xico y el Gobierno de la Gente para la implementaci\u00f3n, desarrollo y operaci\u00f3n del Polo de Desarrollo Econ\u00f3mico.<br><\/p>\n\n\n\n<p>Este proyecto forma parte de la estrategia nacional \u201cPolos de Desarrollo Econ\u00f3mico para el Bienestar\u201d, incluida en el Plan M\u00e9xico y en el Plan Nacional de Desarrollo 2025-2030. El objetivo es reindustrializar M\u00e9xico con mayor contenido nacional, impulsando las vocaciones productivas y descentralizar el crecimiento para que las oportunidades lleguen a todas las regiones.<br><\/p>\n\n\n\n<p>Este espacio ser\u00e1 un motor para la atracci\u00f3n de inversiones en sectores estrat\u00e9gicos como automotriz, aeroespacial, agroindustrial, tecnolog\u00edas de informaci\u00f3n y energ\u00edas limpias.<\/p>\n","protected":false},"excerpt":{"rendered":"<p>-Es una medida que busca cerrar la puerta a pr\u00e1cticas indebidas que han afectado a la industria nacional del calzado, dijo la Gobernadora. Tras presidir la ceremonia de inauguraci\u00f3n de SAPICA, la Gobernadora de la Gente, Libia Dennise Garc\u00eda Mu\u00f1oz Ledo, celebr\u00f3 que el Gobierno de M\u00e9xico a trav\u00e9s del Secretario de Econom\u00eda, Marcelo Ebrard [&hellip;]<\/p>\n","protected":false},"author":1,"featured_media":90616,"comment_status":"closed","ping_status":"closed","sticky":false,"template":"","format":"standard","meta":{"footnotes":""},"categories":[34],"tags":[],"class_list":["post-90615","post","type-post","status-publish","format-standard","has-post-thumbnail","hentry","category-nacional"],"_links":{"self":[{"href":"https:\/\/elinformante.mx\/index.php?rest_route=\/wp\/v2\/posts\/90615","targetHints":{"allow":["GET"]}}],"collection":[{"href":"https:\/\/elinformante.mx\/index.php?rest_route=\/wp\/v2\/posts"}],"about":[{"href":"https:\/\/elinformante.mx\/index.php?rest_route=\/wp\/v2\/types\/post"}],"author":[{"embeddable":true,"href":"https:\/\/elinformante.mx\/index.php?rest_route=\/wp\/v2\/users\/1"}],"replies":[{"embeddable":true,"href":"https:\/\/elinformante.mx\/index.php?rest_route=%2Fwp%2Fv2%2Fcomments&post=90615"}],"version-history":[{"count":0,"href":"https:\/\/elinformante.mx\/index.php?rest_route=\/wp\/v2\/posts\/90615\/revisions"}],"wp:featuredmedia":[{"embeddable":true,"href":"https:\/\/elinformante.mx\/index.php?rest_route=\/wp\/v2\/media\/90616"}],"wp:attachment":[{"href":"https:\/\/elinformante.mx\/index.php?rest_route=%2Fwp%2Fv2%2Fmedia&parent=90615"}],"wp:term":[{"taxonomy":"category","embeddable":true,"href":"https:\/\/elinformante.mx\/index.php?rest_route=%2Fwp%2Fv2%2Fcategories&post=90615"},{"taxonomy":"post_tag","embeddable":true,"href":"https:\/\/elinformante.mx\/index.php?rest_route=%2Fwp%2Fv2%2Ftags&post=90615"}],"curies":[{"name":"wp","href":"https:\/\/api.w.org\/{rel}","templated":true}]}}