{"id":90634,"date":"2025-08-13T07:37:31","date_gmt":"2025-08-13T13:37:31","guid":{"rendered":"https:\/\/elinformante.mx\/?p=90634"},"modified":"2025-08-13T18:02:53","modified_gmt":"2025-08-14T00:02:53","slug":"traslada-mexico-a-estados-unidos-26-reos-con-vinculos-criminales","status":"publish","type":"post","link":"https:\/\/elinformante.mx\/?p=90634","title":{"rendered":"TRASLADA M\u00c9XICO A ESTADOS UNIDOS 26 REOS CON V\u00cdNCULOS CRIMINALES"},"content":{"rendered":"\n<figure class=\"wp-block-pullquote\"><blockquote><p>Las autoridades estadounidenses se\u00f1alaron que no solicitar\u00e1n la pena de muerte para estos reci\u00e9n trasladados.<\/p><\/blockquote><\/figure>\n\n\n\n<p class=\"has-drop-cap\">Las autoridades mexicanas informaron del traslado a Estados Unidos de 26 reos, todos con v\u00ednculos al crimen organizado.<br><\/p>\n\n\n\n<p>La Fiscal\u00eda General de la Rep\u00fablica (FGR) y la Secretar\u00eda de Seguridad y Protecci\u00f3n Ciudadana (SSPC) informaron mediante un comunicado, que el traslado a Estados Unidos de los delincuentes se realiz\u00f3 por la ma\u00f1ana del martes.<br><\/p>\n\n\n\n<p>Estas 26 personas se encontraban presas en distintas c\u00e1rceles del pa\u00eds, y eran requeridas por autoridades de Estados Unidos por sus v\u00ednculos con organizaciones criminales y por los delitos de narcotr\u00e1fico, crimen organizado, lavado de dinero y delitos violentos, adem\u00e1s de se\u00f1alar que representaban un riesgo permanente a la seguridad p\u00fablica.<br><\/p>\n\n\n\n<figure class=\"wp-block-image size-large\"><img fetchpriority=\"high\" decoding=\"async\" width=\"1024\" height=\"506\" src=\"https:\/\/elinformante.mx\/wp-content\/uploads\/2025\/08\/9traslada-4-1024x506.jpg\" alt=\"\" class=\"wp-image-90636\" srcset=\"https:\/\/elinformante.mx\/wp-content\/uploads\/2025\/08\/9traslada-4-1024x506.jpg 1024w, https:\/\/elinformante.mx\/wp-content\/uploads\/2025\/08\/9traslada-4-300x148.jpg 300w, https:\/\/elinformante.mx\/wp-content\/uploads\/2025\/08\/9traslada-4-768x379.jpg 768w, https:\/\/elinformante.mx\/wp-content\/uploads\/2025\/08\/9traslada-4.jpg 1140w\" sizes=\"(max-width: 1024px) 100vw, 1024px\" \/><\/figure>\n\n\n\n<p>En el documento se inform\u00f3 que la custodia, traslado y entrega formal de dichas personas se realiza bajo los protocolos institucionales con el debido respeto de sus derechos fundamentales, adem\u00e1s en todo momento se procedi\u00f3 con apego a nuestra Constituci\u00f3n y a la Ley de Seguridad Nacional.<br><\/p>\n\n\n\n<p>El Departamento de Justicia de los Estados Unidos se comprometi\u00f3 a no solicitar la pena de muerte para los reos en su pa\u00eds; enmarcando con esta acci\u00f3n las labores de coordinaci\u00f3n, cooperaci\u00f3n y reciprocidad bilateral, en un marco del respeto a la soberan\u00eda de ambas naciones, subraya el comunicado.<br><\/p>\n\n\n\n<p>El Gabinete de Seguridad dar\u00e1 una conferencia de prensa hoy donde hablara del traslado de los delincuentes, que se desconoce su nacionalidad.<br><\/p>\n\n\n\n<p>El titular de la SSPC, Omar Garc\u00eda Harfuch, inform\u00f3 en redes sociales sobre el traslado de la casi treintena de personas y anunci\u00f3 que hoy mi\u00e9rcoles dar\u00e1 un informe m\u00e1s detallado sobre este caso.<br><\/p>\n\n\n\n<figure class=\"wp-block-image size-large\"><img decoding=\"async\" width=\"1024\" height=\"506\" src=\"https:\/\/elinformante.mx\/wp-content\/uploads\/2025\/08\/9trasladan-3-1024x506.jpg\" alt=\"\" class=\"wp-image-90637\" srcset=\"https:\/\/elinformante.mx\/wp-content\/uploads\/2025\/08\/9trasladan-3-1024x506.jpg 1024w, https:\/\/elinformante.mx\/wp-content\/uploads\/2025\/08\/9trasladan-3-300x148.jpg 300w, https:\/\/elinformante.mx\/wp-content\/uploads\/2025\/08\/9trasladan-3-768x379.jpg 768w, https:\/\/elinformante.mx\/wp-content\/uploads\/2025\/08\/9trasladan-3.jpg 1140w\" sizes=\"(max-width: 1024px) 100vw, 1024px\" \/><\/figure>\n\n\n\n<p>El embajador de EU Ronald Johnson se\u00f1al\u00f3 \u201cestamos profundamente agradecidos con la presidenta Sheinbaum y su administraci\u00f3n por demostrar determinaci\u00f3n frente al crimen organizado.<br><\/p>\n\n\n\n<p>Entre los fugitivos puestos hoy bajo custodia estadounidense se encuentran l\u00edderes y administradores de c\u00e1rteles de la droga, como aquellos designados como Organizaciones Terroristas Extranjeras y Terroristas Globales Especialmente Designados, incluidos el C\u00e1rtel de Sinaloa, el C\u00e1rtel de Jalisco Nueva Generaci\u00f3n (CJNG) y el C\u00e1rtel del Noreste (antes Los Zetas).<br><\/p>\n\n\n\n<p>Los trasladados son: Enrique Arballo Talamantes alias \u201cJunior\u201d; Benito Barrios Maldonado alias\u201cComandante\u201d; Francisco Conde Ch\u00e1vez; Jos\u00e9 Baldomero Fern\u00e1ndez Beltr\u00e1n alias \u201cEl 8\u201d y\/o \u201cMero\u201d; Ismael Enrique Fern\u00e1ndez V\u00e1zquez; Juan Carlos S\u00e1nchez Gayt\u00e1n al\u00edas \u201cEl Gordo\u201d y\/o \u201cMostach\u00f3n\u201d; Luis Ra\u00fal Castro Valenzuela alias \u201cChacho\u201d; Leobardo Garc\u00eda Corrales alias \u201cLeo\u201d; Anton Petrov Kulkin; Roberto Omar L\u00f3pez alias \u201cShrek\u201d; Jos\u00e9 Antonio Vivanco Hern\u00e1ndez; Servando G\u00f3mez Mart\u00ednez alias \u201cLa Tuta\u201d; Kevin Alonso Gil Acosta alias \u201cEl 200\u201d; Mart\u00edn Zazueta P\u00e9rez y\/o Mario Alexander G\u00e1mez Cuevas alias \u201cPiyi\u201d; Abigael Gonz\u00e1lez Valencia alias \u201cEl Cuini\u201d; Jos\u00e9 Francisco Mendoza G\u00f3mez alias \u201cYiyo\u201d; Hern\u00e1n Domingo Ojeda L\u00f3pez alias \u201cMero Mero\u201d; Daniel P\u00e9rez Rojas, alias \u201cCachetes\u201d; David Fernando V\u00e1squez Bejarano alias \u201cEl Acelerado\u201d; Mauro Alberto N\u00fa\u00f1ez Ojeda alias \u201cJando\u201d; Jes\u00fas Guzm\u00e1n Castro alias \u201cChuy\u201d y\/o \u201cNariz\u00f3n\u201d; Juan Carlos F\u00e9lix Gastelum alias \u201cChavo F\u00e9lix\u201d; Pablo Edwin Huerta Nuno alias \u201cEl Flaquito\u201d; Roberto Salazar Toledo alias \u201cGordo Junior\u201d; Abdul Karim Conteh y Jos\u00e9 Carlos Guzm\u00e1n Bernal<\/p>\n\n\n\n<figure class=\"wp-block-image size-large\"><img decoding=\"async\" width=\"1024\" height=\"506\" src=\"https:\/\/elinformante.mx\/wp-content\/uploads\/2025\/08\/9traslada-1024x506.jpg\" alt=\"\" class=\"wp-image-90638\" srcset=\"https:\/\/elinformante.mx\/wp-content\/uploads\/2025\/08\/9traslada-1024x506.jpg 1024w, https:\/\/elinformante.mx\/wp-content\/uploads\/2025\/08\/9traslada-300x148.jpg 300w, https:\/\/elinformante.mx\/wp-content\/uploads\/2025\/08\/9traslada-768x379.jpg 768w, https:\/\/elinformante.mx\/wp-content\/uploads\/2025\/08\/9traslada.jpg 1140w\" sizes=\"(max-width: 1024px) 100vw, 1024px\" \/><\/figure>\n","protected":false},"excerpt":{"rendered":"<p>Las autoridades estadounidenses se\u00f1alaron que no solicitar\u00e1n la pena de muerte para estos reci\u00e9n trasladados. Las autoridades mexicanas informaron del traslado a Estados Unidos de 26 reos, todos con v\u00ednculos al crimen organizado. La Fiscal\u00eda General de la Rep\u00fablica (FGR) y la Secretar\u00eda de Seguridad y Protecci\u00f3n Ciudadana (SSPC) informaron mediante un comunicado, que el [&hellip;]<\/p>\n","protected":false},"author":1,"featured_media":90635,"comment_status":"closed","ping_status":"closed","sticky":false,"template":"","format":"standard","meta":{"footnotes":""},"categories":[30,34,31],"tags":[47],"class_list":["post-90634","post","type-post","status-publish","format-standard","has-post-thumbnail","hentry","category-destacado","category-nacional","category-portada","tag-portadanacional"],"_links":{"self":[{"href":"https:\/\/elinformante.mx\/index.php?rest_route=\/wp\/v2\/posts\/90634","targetHints":{"allow":["GET"]}}],"collection":[{"href":"https:\/\/elinformante.mx\/index.php?rest_route=\/wp\/v2\/posts"}],"about":[{"href":"https:\/\/elinformante.mx\/index.php?rest_route=\/wp\/v2\/types\/post"}],"author":[{"embeddable":true,"href":"https:\/\/elinformante.mx\/index.php?rest_route=\/wp\/v2\/users\/1"}],"replies":[{"embeddable":true,"href":"https:\/\/elinformante.mx\/index.php?rest_route=%2Fwp%2Fv2%2Fcomments&post=90634"}],"version-history":[{"count":0,"href":"https:\/\/elinformante.mx\/index.php?rest_route=\/wp\/v2\/posts\/90634\/revisions"}],"wp:featuredmedia":[{"embeddable":true,"href":"https:\/\/elinformante.mx\/index.php?rest_route=\/wp\/v2\/media\/90635"}],"wp:attachment":[{"href":"https:\/\/elinformante.mx\/index.php?rest_route=%2Fwp%2Fv2%2Fmedia&parent=90634"}],"wp:term":[{"taxonomy":"category","embeddable":true,"href":"https:\/\/elinformante.mx\/index.php?rest_route=%2Fwp%2Fv2%2Fcategories&post=90634"},{"taxonomy":"post_tag","embeddable":true,"href":"https:\/\/elinformante.mx\/index.php?rest_route=%2Fwp%2Fv2%2Ftags&post=90634"}],"curies":[{"name":"wp","href":"https:\/\/api.w.org\/{rel}","templated":true}]}}