{"id":90915,"date":"2025-08-18T05:45:24","date_gmt":"2025-08-18T11:45:24","guid":{"rendered":"https:\/\/elinformante.mx\/?p=90915"},"modified":"2025-08-18T05:45:32","modified_gmt":"2025-08-18T11:45:32","slug":"ana-muniz-inaugura-las-oficinas-de-servicios-municipales-en-el-barrio-de-santa-maria","status":"publish","type":"post","link":"https:\/\/elinformante.mx\/?p=90915","title":{"rendered":"Ana Mu\u00f1iz inaugura las Oficinas de Servicios Municipales en el Barrio de Santa Mar\u00eda"},"content":{"rendered":"\n<figure class=\"wp-block-pullquote\"><blockquote><p>Mu\u00f1oz Neyra afirm\u00f3 que su gobierno sigue construyendo un gobierno cercano, eficiente y comprometido con el bienestar de todas y todos.<\/p><\/blockquote><\/figure>\n\n\n\n<p class=\"has-drop-cap\">En el municipio de San Mateo Atenco, se llev\u00f3 a cabo la apertura de las Oficinas de Servicios Municipales en el Barrio de Santa Mar\u00eda, la ceremonia fue encabezada por la presidenta municipal, Ana Mu\u00f1iz Neyra, quien se\u00f1al\u00f3 que este espacio concentrar\u00e1 las \u00e1reas de Atenci\u00f3n Empresarial, Atenci\u00f3n a Fraccionamientos y Condominios.<br><\/p>\n\n\n\n<p>Tambi\u00e9n se\u00f1al\u00f3 que en el lugar se encontrar\u00e1n las ventanillas de Tesorer\u00eda, el Opdapas San Mateo Atenco, en este espacio las y los vecinos podr\u00e1n solicitar los servicios del Gobierno Municipal de San Mateo Atenco 2025-2027.<br><\/p>\n\n\n\n<figure class=\"wp-block-image size-large\"><img fetchpriority=\"high\" decoding=\"async\" width=\"1024\" height=\"506\" src=\"https:\/\/elinformante.mx\/wp-content\/uploads\/2025\/08\/12matep-2-1024x506.jpg\" alt=\"\" class=\"wp-image-90917\" srcset=\"https:\/\/elinformante.mx\/wp-content\/uploads\/2025\/08\/12matep-2-1024x506.jpg 1024w, https:\/\/elinformante.mx\/wp-content\/uploads\/2025\/08\/12matep-2-300x148.jpg 300w, https:\/\/elinformante.mx\/wp-content\/uploads\/2025\/08\/12matep-2-768x379.jpg 768w, https:\/\/elinformante.mx\/wp-content\/uploads\/2025\/08\/12matep-2.jpg 1140w\" sizes=\"(max-width: 1024px) 100vw, 1024px\" \/><\/figure>\n\n\n\n<p>Durante el evento, Mu\u00f1iz Neyra agradeci\u00f3 la presencia del Dir. Gral. de Atenci\u00f3n Empresarial, Lic. Edwin G\u00f3mez y el Dir. Gral de Comercio Hugo Enrique G\u00f3mez, de la Secretar\u00eda de Desarrollo Econ\u00f3mico del Estado de M\u00e9xico y del Dir. Gral. de Justicia Cotidiana y Atenci\u00f3n al Colono de la Consejer\u00eda Jur\u00eddica del Estado de M\u00e9xico, Mtro. Gabino Mondrag\u00f3n.<br><\/p>\n\n\n\n<p>Reafirm\u00f3 que con estas acciones, San Mateo Atenco, se ha convertido el primer municipio en el estado en contar con un espacio que ofrece atenci\u00f3n directa a fraccionamientos y condominios.<br><\/p>\n\n\n\n<p>Mu\u00f1oz Neyra afirm\u00f3 que su gobierno sigue construyendo un gobierno cercano, eficiente y comprometido con el bienestar de todas y todos.<\/p>\n","protected":false},"excerpt":{"rendered":"<p>Mu\u00f1oz Neyra afirm\u00f3 que su gobierno sigue construyendo un gobierno cercano, eficiente y comprometido con el bienestar de todas y todos. En el municipio de San Mateo Atenco, se llev\u00f3 a cabo la apertura de las Oficinas de Servicios Municipales en el Barrio de Santa Mar\u00eda, la ceremonia fue encabezada por la presidenta municipal, Ana [&hellip;]<\/p>\n","protected":false},"author":1,"featured_media":90916,"comment_status":"closed","ping_status":"closed","sticky":false,"template":"","format":"standard","meta":{"footnotes":""},"categories":[36],"tags":[],"class_list":["post-90915","post","type-post","status-publish","format-standard","has-post-thumbnail","hentry","category-edomex"],"_links":{"self":[{"href":"https:\/\/elinformante.mx\/index.php?rest_route=\/wp\/v2\/posts\/90915","targetHints":{"allow":["GET"]}}],"collection":[{"href":"https:\/\/elinformante.mx\/index.php?rest_route=\/wp\/v2\/posts"}],"about":[{"href":"https:\/\/elinformante.mx\/index.php?rest_route=\/wp\/v2\/types\/post"}],"author":[{"embeddable":true,"href":"https:\/\/elinformante.mx\/index.php?rest_route=\/wp\/v2\/users\/1"}],"replies":[{"embeddable":true,"href":"https:\/\/elinformante.mx\/index.php?rest_route=%2Fwp%2Fv2%2Fcomments&post=90915"}],"version-history":[{"count":0,"href":"https:\/\/elinformante.mx\/index.php?rest_route=\/wp\/v2\/posts\/90915\/revisions"}],"wp:featuredmedia":[{"embeddable":true,"href":"https:\/\/elinformante.mx\/index.php?rest_route=\/wp\/v2\/media\/90916"}],"wp:attachment":[{"href":"https:\/\/elinformante.mx\/index.php?rest_route=%2Fwp%2Fv2%2Fmedia&parent=90915"}],"wp:term":[{"taxonomy":"category","embeddable":true,"href":"https:\/\/elinformante.mx\/index.php?rest_route=%2Fwp%2Fv2%2Fcategories&post=90915"},{"taxonomy":"post_tag","embeddable":true,"href":"https:\/\/elinformante.mx\/index.php?rest_route=%2Fwp%2Fv2%2Ftags&post=90915"}],"curies":[{"name":"wp","href":"https:\/\/api.w.org\/{rel}","templated":true}]}}