{"id":90939,"date":"2025-08-18T06:08:59","date_gmt":"2025-08-18T12:08:59","guid":{"rendered":"https:\/\/elinformante.mx\/?p=90939"},"modified":"2025-08-18T06:09:10","modified_gmt":"2025-08-18T12:09:10","slug":"reiniciaran-actividades-academicas-en-15-espacios-academicos-de-la-uaemex","status":"publish","type":"post","link":"https:\/\/elinformante.mx\/?p=90939","title":{"rendered":"Reiniciar\u00e1n actividades acad\u00e9micas en 15 espacios acad\u00e9micos de la UAEM\u00e9x"},"content":{"rendered":"\n<figure class=\"wp-block-pullquote\"><blockquote><p>Ya han pasado 30 d\u00edas de que inici\u00f3 la actual administraci\u00f3n de la rectora Patricia Zarza.<\/p><\/blockquote><\/figure>\n\n\n\n<p class=\"has-drop-cap\">Los frutos de los di\u00e1logos y la continua construcci\u00f3n de acuerdos por parte de la rectora Patricia Zarza Delgado se ha conseguido que el d\u00eda de hoy 15 espacios, que al inicio de la actual administraci\u00f3n de la Universidad Aut\u00f3noma del Estado de M\u00e9xico (UAEM\u00e9x) se manten\u00edan en paro, retomen sus actividades acad\u00e9micas en modalidad en l\u00ednea y presencial.<br><\/p>\n\n\n\n<p>La reactivaci\u00f3n se dar\u00e1 con el regreso a clases de manera presencial este 18 de agosto, pero con la excepci\u00f3n de que la Facultad de Antropolog\u00eda que mantiene paro parcial; Facultad de Lenguas que mantiene paro parcial; Facultad de Planeaci\u00f3n Urbana y Regional que mantiene paro parcial; Facultad de Turismo y Gastronom\u00eda: Licenciatura en Gastronom\u00eda; Escuela de Artes Esc\u00e9nicas<br><\/p>\n\n\n\n<p>Aquellas que tendr\u00e1n su regreso con clases en l\u00ednea son la Facultad de Arquitectura y Dise\u00f1o; Facultad de Artes; Facultad de Ciencias Pol\u00edticas y Sociales; Facultad de Contadur\u00eda y Administraci\u00f3n; Facultad de Derecho; Facultad de Econom\u00eda; Facultad de Geograf\u00eda; Facultad de Ingenier\u00eda; Facultad de Odontolog\u00eda (en espera de los resultados de la votaci\u00f3n interna sobre las actividades presenciales) y Facultad de Turismo y Gastronom\u00eda: Licenciatura en Turismo.<br><\/p>\n\n\n\n<figure class=\"wp-block-image size-large\"><img fetchpriority=\"high\" decoding=\"async\" width=\"1024\" height=\"506\" src=\"https:\/\/elinformante.mx\/wp-content\/uploads\/2025\/08\/10uaemex-11-1024x506.jpg\" alt=\"\" class=\"wp-image-90941\" srcset=\"https:\/\/elinformante.mx\/wp-content\/uploads\/2025\/08\/10uaemex-11-1024x506.jpg 1024w, https:\/\/elinformante.mx\/wp-content\/uploads\/2025\/08\/10uaemex-11-300x148.jpg 300w, https:\/\/elinformante.mx\/wp-content\/uploads\/2025\/08\/10uaemex-11-768x379.jpg 768w, https:\/\/elinformante.mx\/wp-content\/uploads\/2025\/08\/10uaemex-11.jpg 1140w\" sizes=\"(max-width: 1024px) 100vw, 1024px\" \/><\/figure>\n\n\n\n<p>Aquellos que regresan con claes en l\u00ednea por acuerdo de sus consejos acad\u00e9micos y de gobierno son la Facultad de Humanidades.<br><\/p>\n\n\n\n<p>Las autoridades han se\u00f1alado que las mesas de di\u00e1logo y negociaci\u00f3n continuar\u00e1n para lograr el regreso total a la modalidad presencial.<br><\/p>\n\n\n\n<p>Con el reinicio de las actividades acad\u00e9micas, se garantiza el derecho de la comunidad estudiantil a recibir educaci\u00f3n de calidad mientras se avanza en el cumplimiento de compromisos, el seguimiento a las demandas del movimiento estudiantil y la atenci\u00f3n a las necesidades espec\u00edficas de cada espacio acad\u00e9mico<\/p>\n","protected":false},"excerpt":{"rendered":"<p>Ya han pasado 30 d\u00edas de que inici\u00f3 la actual administraci\u00f3n de la rectora Patricia Zarza. Los frutos de los di\u00e1logos y la continua construcci\u00f3n de acuerdos por parte de la rectora Patricia Zarza Delgado se ha conseguido que el d\u00eda de hoy 15 espacios, que al inicio de la actual administraci\u00f3n de la Universidad [&hellip;]<\/p>\n","protected":false},"author":1,"featured_media":90940,"comment_status":"closed","ping_status":"closed","sticky":false,"template":"","format":"standard","meta":{"footnotes":""},"categories":[36],"tags":[],"class_list":["post-90939","post","type-post","status-publish","format-standard","has-post-thumbnail","hentry","category-edomex"],"_links":{"self":[{"href":"https:\/\/elinformante.mx\/index.php?rest_route=\/wp\/v2\/posts\/90939","targetHints":{"allow":["GET"]}}],"collection":[{"href":"https:\/\/elinformante.mx\/index.php?rest_route=\/wp\/v2\/posts"}],"about":[{"href":"https:\/\/elinformante.mx\/index.php?rest_route=\/wp\/v2\/types\/post"}],"author":[{"embeddable":true,"href":"https:\/\/elinformante.mx\/index.php?rest_route=\/wp\/v2\/users\/1"}],"replies":[{"embeddable":true,"href":"https:\/\/elinformante.mx\/index.php?rest_route=%2Fwp%2Fv2%2Fcomments&post=90939"}],"version-history":[{"count":0,"href":"https:\/\/elinformante.mx\/index.php?rest_route=\/wp\/v2\/posts\/90939\/revisions"}],"wp:featuredmedia":[{"embeddable":true,"href":"https:\/\/elinformante.mx\/index.php?rest_route=\/wp\/v2\/media\/90940"}],"wp:attachment":[{"href":"https:\/\/elinformante.mx\/index.php?rest_route=%2Fwp%2Fv2%2Fmedia&parent=90939"}],"wp:term":[{"taxonomy":"category","embeddable":true,"href":"https:\/\/elinformante.mx\/index.php?rest_route=%2Fwp%2Fv2%2Fcategories&post=90939"},{"taxonomy":"post_tag","embeddable":true,"href":"https:\/\/elinformante.mx\/index.php?rest_route=%2Fwp%2Fv2%2Ftags&post=90939"}],"curies":[{"name":"wp","href":"https:\/\/api.w.org\/{rel}","templated":true}]}}