{"id":90978,"date":"2025-08-18T07:21:29","date_gmt":"2025-08-18T13:21:29","guid":{"rendered":"https:\/\/elinformante.mx\/?p=90978"},"modified":"2025-08-18T07:21:38","modified_gmt":"2025-08-18T13:21:38","slug":"senala-sheinbaum-que-indice-de-pobreza-en-mexico-es-el-mas-bajo-en-40-anos","status":"publish","type":"post","link":"https:\/\/elinformante.mx\/?p=90978","title":{"rendered":"Se\u00f1ala Sheinbaum que \u00edndice de pobreza en M\u00e9xico es el m\u00e1s bajo en 40 a\u00f1os"},"content":{"rendered":"\n<figure class=\"wp-block-pullquote\"><blockquote><p>De acuerdo a la presidenta, esto es resultado del actual modelo econ\u00f3mico, con el que se ha reducido la desigualdad, apostando por una mejor distribuci\u00f3n de la riqueza.<\/p><\/blockquote><\/figure>\n\n\n\n<p class=\"has-drop-cap\">La presidenta de M\u00e9xico, Claudia Sheinbaum Pardo, inform\u00f3 que de acuerdo con la medici\u00f3n Pobreza multidimensiona\u2019, del INEGI, 13.4 millones de personas en M\u00e9xico salieron de la pobreza en 2024 comparado con 2018.<br><\/p>\n\n\n\n<p>Estos datos los comparti\u00f3 durante la inauguraci\u00f3n de la Unidad Familiar (UMF) 93 de Ecatepec, donde se\u00f1al\u00f3 que de acuerdo al INEGI, se report\u00f3 una baja del 15% en la pobreza y una baja de 1.8 puntos porcentuales en pobreza extrema entre 2018 y 2024.<br><\/p>\n\n\n\n<p>Sheibaum destac\u00f3 que en 40 a\u00f1os no hab\u00eda disminuido realmente la pobreza en el pa\u00eds, al contrario, se increment\u00f3 por lo que afirm\u00f3 que este es el menor nivel de pobreza que se tiene en el pa\u00eds desde hace 40 a\u00f1os, siendo el resultado de este actual modelo econ\u00f3mico que ha reducido la desigualdad y ha apostado por una mejor distribuci\u00f3n de la riqueza, las personas viven con mayor bienestar, dijo.<br><\/p>\n\n\n\n<p>Se\u00f1al\u00f3 que entre 2006 y 2012 los ricos ganaban 38 veces el ingreso del m\u00e1s pobre, pero que en la actualidad esta brecha de diferencia de ingresos, se redujo a 14 veces, de acuerdo con la Encuesta Nacional de Ingresos y Gastos de los Hogares (ENIGH) de 2024.<br><\/p>\n\n\n\n<p>La jefa del ejecutivo nacional, precis\u00f3 que estos resultados se deben principalmente a cuatro acciones como el incremento del salario m\u00ednimo al doble, programas sociales que llegan alrededor de 30 millones de familias, recuperaci\u00f3n de la inversi\u00f3n p\u00fablica con trenes, puertos y refiner\u00edas y la inversi\u00f3n privada que permite tener un r\u00e9cord de empleos en el pa\u00eds y la eliminaci\u00f3n del outsourcing.<br><\/p>\n\n\n\n<p>Sheinbaum recalc\u00f3 que en los gobiernos neoliberales se destinaban los recursos para unos cuantos; sin embargo, hoy se destinan recursos pensando en aquellos que menos tienen por lo que se continuar\u00e1 con el aumento del salario m\u00ednimo hasta que alcance para 2.5 canastas b\u00e1sicas, ya que actualmente alcanza para 1.8 canastas b\u00e1sicas.<\/p>\n","protected":false},"excerpt":{"rendered":"<p>De acuerdo a la presidenta, esto es resultado del actual modelo econ\u00f3mico, con el que se ha reducido la desigualdad, apostando por una mejor distribuci\u00f3n de la riqueza. La presidenta de M\u00e9xico, Claudia Sheinbaum Pardo, inform\u00f3 que de acuerdo con la medici\u00f3n Pobreza multidimensiona\u2019, del INEGI, 13.4 millones de personas en M\u00e9xico salieron de la [&hellip;]<\/p>\n","protected":false},"author":1,"featured_media":90980,"comment_status":"closed","ping_status":"closed","sticky":false,"template":"","format":"standard","meta":{"footnotes":""},"categories":[34],"tags":[],"class_list":["post-90978","post","type-post","status-publish","format-standard","has-post-thumbnail","hentry","category-nacional"],"_links":{"self":[{"href":"https:\/\/elinformante.mx\/index.php?rest_route=\/wp\/v2\/posts\/90978","targetHints":{"allow":["GET"]}}],"collection":[{"href":"https:\/\/elinformante.mx\/index.php?rest_route=\/wp\/v2\/posts"}],"about":[{"href":"https:\/\/elinformante.mx\/index.php?rest_route=\/wp\/v2\/types\/post"}],"author":[{"embeddable":true,"href":"https:\/\/elinformante.mx\/index.php?rest_route=\/wp\/v2\/users\/1"}],"replies":[{"embeddable":true,"href":"https:\/\/elinformante.mx\/index.php?rest_route=%2Fwp%2Fv2%2Fcomments&post=90978"}],"version-history":[{"count":0,"href":"https:\/\/elinformante.mx\/index.php?rest_route=\/wp\/v2\/posts\/90978\/revisions"}],"wp:featuredmedia":[{"embeddable":true,"href":"https:\/\/elinformante.mx\/index.php?rest_route=\/wp\/v2\/media\/90980"}],"wp:attachment":[{"href":"https:\/\/elinformante.mx\/index.php?rest_route=%2Fwp%2Fv2%2Fmedia&parent=90978"}],"wp:term":[{"taxonomy":"category","embeddable":true,"href":"https:\/\/elinformante.mx\/index.php?rest_route=%2Fwp%2Fv2%2Fcategories&post=90978"},{"taxonomy":"post_tag","embeddable":true,"href":"https:\/\/elinformante.mx\/index.php?rest_route=%2Fwp%2Fv2%2Ftags&post=90978"}],"curies":[{"name":"wp","href":"https:\/\/api.w.org\/{rel}","templated":true}]}}