{"id":91116,"date":"2025-08-20T05:31:53","date_gmt":"2025-08-20T11:31:53","guid":{"rendered":"https:\/\/elinformante.mx\/?p=91116"},"modified":"2025-08-20T05:31:59","modified_gmt":"2025-08-20T11:31:59","slug":"ricky-martin-primer-artista-en-recibir-el-latin-icon-en-los-mtv-vma","status":"publish","type":"post","link":"https:\/\/elinformante.mx\/?p=91116","title":{"rendered":"Ricky Martin primer artista en recibir el Latin Icon en los MTV VMA"},"content":{"rendered":"\n<figure class=\"wp-block-pullquote\"><blockquote><p>No solo recibe un reconocimiento a su carrera, sino tambi\u00e9n a su papel como embajador de la m\u00fasica latina.<\/p><\/blockquote><\/figure>\n\n\n\n<p class=\"has-drop-cap\">El oriundo de Puerto Rico, el cantante Ricky Martin, har\u00e1 historia en los MTV Video Music Awards 2025, pues se convertir\u00e1 en el primer artista en recibir el Latin Icon Award, un galard\u00f3n creado para reconocer a las estrellas latinas que han marcado un antes y un despu\u00e9s en la m\u00fasica y en la cultura pop mundial.<br><\/p>\n\n\n\n<p>El MTV Video Music Awards 2025 tendr\u00e1 su ceremonia el pr\u00f3ximo 7 de septiembre en el estadio UBS de Elmont, Nueva York, y ser\u00e1 transmitida a las 6 p.m. a trav\u00e9s de MTV, Pluto TV y Paramount+.<br><\/p>\n\n\n\n<p>MTV destac\u00f3 que Ricky Mart\u00edn, recibir\u00e1 este premio gracias a una carrera de m\u00e1s de cuatro d\u00e9cadas, con m\u00e1s de 70 millones de discos vendidos en todo el mundo y m\u00e1s de 180 premios obtenidos por su m\u00fasica, actuaciones y labores humanitarias.<br><\/p>\n\n\n\n<p>Esta no es la primera vez que Ricky Martin marca un hito en los VMAs. En 1999, su ic\u00f3nica presentaci\u00f3n con Livin\u2019 la Vida Loca lo convirti\u00f3 en el primer artista latino masculino en ganar el premio a Mejor Video Pop, adem\u00e1s de coronarse como el m\u00e1ximo ganador de la noche con cinco estatuillas.<br><\/p>\n\n\n\n<p>26 a\u00f1os despu\u00e9s, vuelve a ser protagonista de la gala con un reconocimiento que reafirma su papel como pionero de la m\u00fasica latina en la escena internacional.<br><\/p>\n\n\n\n<figure class=\"wp-block-image size-large\"><img fetchpriority=\"high\" decoding=\"async\" width=\"1024\" height=\"506\" src=\"https:\/\/elinformante.mx\/wp-content\/uploads\/2025\/08\/15ricky-2-1024x506.jpg\" alt=\"\" class=\"wp-image-91118\" srcset=\"https:\/\/elinformante.mx\/wp-content\/uploads\/2025\/08\/15ricky-2-1024x506.jpg 1024w, https:\/\/elinformante.mx\/wp-content\/uploads\/2025\/08\/15ricky-2-300x148.jpg 300w, https:\/\/elinformante.mx\/wp-content\/uploads\/2025\/08\/15ricky-2-768x379.jpg 768w, https:\/\/elinformante.mx\/wp-content\/uploads\/2025\/08\/15ricky-2.jpg 1140w\" sizes=\"(max-width: 1024px) 100vw, 1024px\" \/><\/figure>\n\n\n\n<p>Con este nuevo galard\u00f3n, Ricky Martin no solo recibe un reconocimiento a su carrera, sino tambi\u00e9n a su papel como embajador de la m\u00fasica latina. Su irrupci\u00f3n en los a\u00f1os 90 fue decisiva para abrir puertas a otros artistas que hoy dominan los escenarios globales, desde Shakira hasta Bad Bunny.<br><\/p>\n\n\n\n<p>Los VMAs 2025 no solo tendr\u00e1n como protagonista a Ricky Martin. La primera ronda de artistas confirmados para actuar en el escenario son: Alex Warren, Busta Rhymes, J Balvin junto a DJ Snake, Sabrina Carpenter y Sombr.<br><\/p>\n\n\n\n<p>Adem\u00e1s de recibir el premio, Ricky Martin tendr\u00e1 una presentaci\u00f3n en vivo durante la ceremonia. Aunque no se han revelado todos los detalles, se espera que el artista realice un repaso por su trayectoria.<br><\/p>\n\n\n\n<p>J Balvin estrenar\u00e1 en vivo su tema Zun Zun junto a Justin Quiles y Lenny Tav\u00e1rez, as\u00ed como Noventa con DJ Snake, lo que asegura un show cargado de ritmos latinos.<br><\/p>\n\n\n\n<p>En cuanto a las nominaciones, la gran favorita de este a\u00f1o es Lady Gaga, con 12 candidaturas. Le siguen Bruno Mars con 11, Kendrick Lamar con 10, Sabrina Carpenter y Ros\u00e9 con 8, y finalmente Ariana Grande y The Weeknd con 7 cada uno.<br><\/p>\n\n\n\n<p>Adem\u00e1s del Latin Icon Award a Ricky Martin, la ceremonia tambi\u00e9n otorgar\u00e1 el Rock the Bells Visionary Award a Busta Rhymes, en reconocimiento a su impacto cultural y su indomable trayectoria musical.<\/p>\n","protected":false},"excerpt":{"rendered":"<p>No solo recibe un reconocimiento a su carrera, sino tambi\u00e9n a su papel como embajador de la m\u00fasica latina. El oriundo de Puerto Rico, el cantante Ricky Martin, har\u00e1 historia en los MTV Video Music Awards 2025, pues se convertir\u00e1 en el primer artista en recibir el Latin Icon Award, un galard\u00f3n creado para reconocer [&hellip;]<\/p>\n","protected":false},"author":1,"featured_media":91117,"comment_status":"closed","ping_status":"closed","sticky":false,"template":"","format":"standard","meta":{"footnotes":""},"categories":[30,39],"tags":[],"class_list":["post-91116","post","type-post","status-publish","format-standard","has-post-thumbnail","hentry","category-destacado","category-espectaculos"],"_links":{"self":[{"href":"https:\/\/elinformante.mx\/index.php?rest_route=\/wp\/v2\/posts\/91116","targetHints":{"allow":["GET"]}}],"collection":[{"href":"https:\/\/elinformante.mx\/index.php?rest_route=\/wp\/v2\/posts"}],"about":[{"href":"https:\/\/elinformante.mx\/index.php?rest_route=\/wp\/v2\/types\/post"}],"author":[{"embeddable":true,"href":"https:\/\/elinformante.mx\/index.php?rest_route=\/wp\/v2\/users\/1"}],"replies":[{"embeddable":true,"href":"https:\/\/elinformante.mx\/index.php?rest_route=%2Fwp%2Fv2%2Fcomments&post=91116"}],"version-history":[{"count":0,"href":"https:\/\/elinformante.mx\/index.php?rest_route=\/wp\/v2\/posts\/91116\/revisions"}],"wp:featuredmedia":[{"embeddable":true,"href":"https:\/\/elinformante.mx\/index.php?rest_route=\/wp\/v2\/media\/91117"}],"wp:attachment":[{"href":"https:\/\/elinformante.mx\/index.php?rest_route=%2Fwp%2Fv2%2Fmedia&parent=91116"}],"wp:term":[{"taxonomy":"category","embeddable":true,"href":"https:\/\/elinformante.mx\/index.php?rest_route=%2Fwp%2Fv2%2Fcategories&post=91116"},{"taxonomy":"post_tag","embeddable":true,"href":"https:\/\/elinformante.mx\/index.php?rest_route=%2Fwp%2Fv2%2Ftags&post=91116"}],"curies":[{"name":"wp","href":"https:\/\/api.w.org\/{rel}","templated":true}]}}