{"id":91144,"date":"2025-08-20T05:58:46","date_gmt":"2025-08-20T11:58:46","guid":{"rendered":"https:\/\/elinformante.mx\/?p=91144"},"modified":"2025-08-20T05:59:24","modified_gmt":"2025-08-20T11:59:24","slug":"metepec-se-consolida-como-polo-de-inversion-en-zona-centro-del-edomex-fernando-flores","status":"publish","type":"post","link":"https:\/\/elinformante.mx\/?p=91144","title":{"rendered":"Metepec se consolida como polo de inversi\u00f3n en zona centro del Edom\u00e9x: Fernando Flores"},"content":{"rendered":"\n<figure class=\"wp-block-pullquote\"><blockquote><p>Adem\u00e1s resalt\u00f3 la importancia de fortalecer las iniciativas locales de vecinos y vecinas valientes e innovadores.<\/p><\/blockquote><\/figure>\n\n\n\n<p class=\"has-drop-cap\">En el municipio de Metepec se llev\u00f3 a cabo la clausura de la cuarta generaci\u00f3n de la Escuela de Negocios, la primera en modalidad mixta, que estuvo encabezada por el presidente Fernando Flores Fern\u00e1ndez, quien reconoci\u00f3 el el esfuerzo de los 88 graduados \u201467 mujeres y 21 hombres\u2014 que ya operan diversos modelos de actividades econ\u00f3micas.<br><\/p>\n\n\n\n<p>Durante su discurso, Flores Fernandez sela\u00f1\u00f3 que en los \u00faltimos tres a\u00f1os, el municipio de Metepec ha registrado un crecimiento notable en el emprendedurismo, resultado de pol\u00edticas de apoyo y acompa\u00f1amiento impulsadas por su gobierno y que gracias a este esfuerzo conjunto se ha podido generar un desarrollo econ\u00f3mico con impacto directo en las familias.<br><\/p>\n\n\n\n<p>Flores Fern\u00e1ndez subray\u00f3 que Metepec se ha consolidado como un polo de inversi\u00f3n en la zona centro del Estado de M\u00e9xico, destacando la implementaci\u00f3n de acciones de mejora regulatoria, transparencia y cero corrupci\u00f3n, con el objetivo de facilitar la llegada de empresas, principalmente del sector servicios.<br><\/p>\n\n\n\n<p>Adem\u00e1s resalt\u00f3 la importancia de fortalecer las iniciativas locales de vecinos y vecinas valientes e innovadores que buscan mejorar sus finanzas personales y colectivas.<br><\/p>\n\n\n\n<p>Durante su discurs\u00f3 tambi\u00e9n rememor\u00f3 que la Escuela de Negocios naci\u00f3 con un enfoque de igualdad de g\u00e9nero, dado el inter\u00e9s mayoritario de las mujeres en participar; pero gracias al enorme \u00e9xito obtenido, hombres tambi\u00e9n se han incorporado al esquema productivo, benefici\u00e1ndose del acompa\u00f1amiento especializado y constante del ayuntamiento hasta la consolidaci\u00f3n de sus proyectos.<br><\/p>\n\n\n\n<p>Anunci\u00f3 que ya se prepara la quinta generaci\u00f3n de la Escuela de Negocios, por lo que se mantiene abierta la convocatoria para que las y los interesados se inscriban de manera gratuita en la Direcci\u00f3n de Igualdad de G\u00e9nero, en coordinaci\u00f3n con la Direcci\u00f3n de Desarrollo Econ\u00f3mico, Tur\u00edstico y Artesanal.<br><\/p>\n\n\n\n<p>Coment\u00f3 que los egresados podr\u00e1n participar en la siguiente etapa de emprendimiento denominada \u201cEl Tanque de Barro\u201d, un espacio donde tendr\u00e1n la oportunidad de presentar sus proyectos ante un panel de expertos y empresarios.<br><\/p>\n\n\n\n<p>Los ganadores podr\u00e1n recibir apoyos que van desde capital de financiamiento hasta alianzas estrat\u00e9gicas y otros beneficios relevantes. Los registros estar\u00e1n abiertos hasta el pr\u00f3ximo viernes en la Direcci\u00f3n de Igualdad de G\u00e9nero, donde se proporcionar\u00e1n los detalles del proceso.<\/p>\n","protected":false},"excerpt":{"rendered":"<p>Adem\u00e1s resalt\u00f3 la importancia de fortalecer las iniciativas locales de vecinos y vecinas valientes e innovadores. En el municipio de Metepec se llev\u00f3 a cabo la clausura de la cuarta generaci\u00f3n de la Escuela de Negocios, la primera en modalidad mixta, que estuvo encabezada por el presidente Fernando Flores Fern\u00e1ndez, quien reconoci\u00f3 el el esfuerzo [&hellip;]<\/p>\n","protected":false},"author":1,"featured_media":91145,"comment_status":"closed","ping_status":"closed","sticky":false,"template":"","format":"standard","meta":{"footnotes":""},"categories":[1],"tags":[],"class_list":["post-91144","post","type-post","status-publish","format-standard","has-post-thumbnail","hentry","category-sin-categoria"],"_links":{"self":[{"href":"https:\/\/elinformante.mx\/index.php?rest_route=\/wp\/v2\/posts\/91144","targetHints":{"allow":["GET"]}}],"collection":[{"href":"https:\/\/elinformante.mx\/index.php?rest_route=\/wp\/v2\/posts"}],"about":[{"href":"https:\/\/elinformante.mx\/index.php?rest_route=\/wp\/v2\/types\/post"}],"author":[{"embeddable":true,"href":"https:\/\/elinformante.mx\/index.php?rest_route=\/wp\/v2\/users\/1"}],"replies":[{"embeddable":true,"href":"https:\/\/elinformante.mx\/index.php?rest_route=%2Fwp%2Fv2%2Fcomments&post=91144"}],"version-history":[{"count":0,"href":"https:\/\/elinformante.mx\/index.php?rest_route=\/wp\/v2\/posts\/91144\/revisions"}],"wp:featuredmedia":[{"embeddable":true,"href":"https:\/\/elinformante.mx\/index.php?rest_route=\/wp\/v2\/media\/91145"}],"wp:attachment":[{"href":"https:\/\/elinformante.mx\/index.php?rest_route=%2Fwp%2Fv2%2Fmedia&parent=91144"}],"wp:term":[{"taxonomy":"category","embeddable":true,"href":"https:\/\/elinformante.mx\/index.php?rest_route=%2Fwp%2Fv2%2Fcategories&post=91144"},{"taxonomy":"post_tag","embeddable":true,"href":"https:\/\/elinformante.mx\/index.php?rest_route=%2Fwp%2Fv2%2Ftags&post=91144"}],"curies":[{"name":"wp","href":"https:\/\/api.w.org\/{rel}","templated":true}]}}