{"id":91161,"date":"2025-08-20T06:12:49","date_gmt":"2025-08-20T12:12:49","guid":{"rendered":"https:\/\/elinformante.mx\/?p=91161"},"modified":"2025-08-20T06:12:52","modified_gmt":"2025-08-20T12:12:52","slug":"gem-facilita-acuerdos-entre-trabajadores-y-empleadores","status":"publish","type":"post","link":"https:\/\/elinformante.mx\/?p=91161","title":{"rendered":"GEM facilita acuerdos entre trabajadores y empleadores"},"content":{"rendered":"\n<figure class=\"wp-block-pullquote\"><blockquote><p>-Con esta acci\u00f3n se acercar\u00e1n soluciones a las y los trabajadores, as\u00ed como a empleadores, contribuyendo a la resoluci\u00f3n de laudos.<\/p><\/blockquote><\/figure>\n\n\n\n<p class=\"has-drop-cap\">Con el prop\u00f3sito de impulsar mecanismos de resoluci\u00f3n pac\u00edfica y eficiente de conflictos laborales, la Secretar\u00eda del Trabajo del Gobierno del Estado de M\u00e9xico y el Ayuntamiento de Jaltenco llevaron a cabo la firma de un convenio de colaboraci\u00f3n que dar\u00e1 paso a la realizaci\u00f3n de Jornadas de Conciliaci\u00f3n Laboral Permanente.<br><\/p>\n\n\n\n<p>El acuerdo busca acercar soluciones a las y los trabajadores, as\u00ed como a empleadores, en los procedimientos radicados ante la Junta Local de Conciliaci\u00f3n y Arbitraje del Valle de Cuautitl\u00e1n-Texcoco y el Tribunal Estatal de Conciliaci\u00f3n y Arbitraje, contribuyendo a la resoluci\u00f3n de laudos en beneficio de la justicia laboral.<br><\/p>\n\n\n\n<p>Durante el evento, encabezado por Norberto Morales Poblete, Secretario del Trabajo, y Mar\u00eda del Rosario Payne Islas, Presidenta Municipal Constitucional de Jaltenco, se destac\u00f3 la importancia de trabajar de manera coordinada entre los distintos \u00f3rdenes de gobierno para garantizar el respeto a los derechos laborales.<br><\/p>\n\n\n\n<p>Con Jaltenco, suman 20 municipios los que han firmado este convenio con la Secretar\u00eda de Trabajo. Al respecto, el titular de esta dependencia se\u00f1al\u00f3 que la conciliaci\u00f3n es un instrumento fundamental para construir un entorno laboral justo, donde el di\u00e1logo y los acuerdos sustituyen al conflicto y la confrontaci\u00f3n.<br><\/p>\n\n\n\n<p>Por su parte, la Presidenta Municipal de Jaltenco resalt\u00f3 que este convenio representa una oportunidad para dar certidumbre a la clase trabajadora y soluciones prontas y equitativas en los conflictos laborales.<\/p>\n","protected":false},"excerpt":{"rendered":"<p>-Con esta acci\u00f3n se acercar\u00e1n soluciones a las y los trabajadores, as\u00ed como a empleadores, contribuyendo a la resoluci\u00f3n de laudos. Con el prop\u00f3sito de impulsar mecanismos de resoluci\u00f3n pac\u00edfica y eficiente de conflictos laborales, la Secretar\u00eda del Trabajo del Gobierno del Estado de M\u00e9xico y el Ayuntamiento de Jaltenco llevaron a cabo la firma [&hellip;]<\/p>\n","protected":false},"author":1,"featured_media":91162,"comment_status":"closed","ping_status":"closed","sticky":false,"template":"","format":"standard","meta":{"footnotes":""},"categories":[36],"tags":[],"class_list":["post-91161","post","type-post","status-publish","format-standard","has-post-thumbnail","hentry","category-edomex"],"_links":{"self":[{"href":"https:\/\/elinformante.mx\/index.php?rest_route=\/wp\/v2\/posts\/91161","targetHints":{"allow":["GET"]}}],"collection":[{"href":"https:\/\/elinformante.mx\/index.php?rest_route=\/wp\/v2\/posts"}],"about":[{"href":"https:\/\/elinformante.mx\/index.php?rest_route=\/wp\/v2\/types\/post"}],"author":[{"embeddable":true,"href":"https:\/\/elinformante.mx\/index.php?rest_route=\/wp\/v2\/users\/1"}],"replies":[{"embeddable":true,"href":"https:\/\/elinformante.mx\/index.php?rest_route=%2Fwp%2Fv2%2Fcomments&post=91161"}],"version-history":[{"count":0,"href":"https:\/\/elinformante.mx\/index.php?rest_route=\/wp\/v2\/posts\/91161\/revisions"}],"wp:featuredmedia":[{"embeddable":true,"href":"https:\/\/elinformante.mx\/index.php?rest_route=\/wp\/v2\/media\/91162"}],"wp:attachment":[{"href":"https:\/\/elinformante.mx\/index.php?rest_route=%2Fwp%2Fv2%2Fmedia&parent=91161"}],"wp:term":[{"taxonomy":"category","embeddable":true,"href":"https:\/\/elinformante.mx\/index.php?rest_route=%2Fwp%2Fv2%2Fcategories&post=91161"},{"taxonomy":"post_tag","embeddable":true,"href":"https:\/\/elinformante.mx\/index.php?rest_route=%2Fwp%2Fv2%2Ftags&post=91161"}],"curies":[{"name":"wp","href":"https:\/\/api.w.org\/{rel}","templated":true}]}}