{"id":91164,"date":"2025-08-20T06:14:07","date_gmt":"2025-08-20T12:14:07","guid":{"rendered":"https:\/\/elinformante.mx\/?p=91164"},"modified":"2025-08-20T06:14:11","modified_gmt":"2025-08-20T12:14:11","slug":"gem-combate-extorsion-para-garantizar-inversion-horacio-duarte","status":"publish","type":"post","link":"https:\/\/elinformante.mx\/?p=91164","title":{"rendered":"GEM combate extorsi\u00f3n para garantizar inversi\u00f3n: Horacio Duarte"},"content":{"rendered":"\n<figure class=\"wp-block-pullquote\"><blockquote><p>Se\u00f1al\u00f3 Duarte Olivares que en Edom\u00e9x se ha registrado una disminuci\u00f3n hist\u00f3rica del 14% en delitos contra las empresas.<\/p><\/blockquote><\/figure>\n\n\n\n<p class=\"has-drop-cap\">\u201cTenemos que acabar con la extorsi\u00f3n en el Estado de M\u00e9xico, no tenemos opci\u00f3n, no es disminuir, es acabar con la extorsi\u00f3n\u201d, indic\u00f3 Horacio Duarte Olivares, Secretario General de Gobierno, durante la Inauguraci\u00f3n del Foro de An\u00e1lisis de la Iniciativa de la Ley General de Infraestructura para el Bienestar.<br><\/p>\n\n\n\n<p>Explic\u00f3 que toda inversi\u00f3n en infraestructura requiere seguridad y certeza, por ello, en el Gobierno de la Maestra Delfina G\u00f3mez \u00c1lvarez, se ha registrado una disminuci\u00f3n hist\u00f3rica del 14 por ciento en delitos contra las empresas, no obstante, llam\u00f3 a fortalecer la denuncia para acabar con las extorsiones.<br><\/p>\n\n\n\n<p>\u201cPedirles que se sumen a este esfuerzo para abatir la extorsi\u00f3n en el Estado de M\u00e9xico, \u00bfc\u00f3mo?, denunciando, teniendo la certeza de que las denuncias se van a traducir en acciones policiacas, en acciones de procuraci\u00f3n de justicia\u201d, resalt\u00f3 Horacio Duarte Olivares, Secretario General de Gobierno.<br><\/p>\n\n\n\n<p>Por su parte, Carlos Maza Lara, Secretario de Desarrollo Urbano e Infraestructura, destac\u00f3 que el Foro de An\u00e1lisis de la Iniciativa de la Ley General de Infraestructura para el Bienestar es una oportunidad para fortalecer la participaci\u00f3n del sector privado en la planeaci\u00f3n y desarrollo estrat\u00e9gico, como la que ya se lleva a cabo en la entidad con el Programa de Obra P\u00fablica.<br><\/p>\n\n\n\n<figure class=\"wp-block-image size-large\"><img fetchpriority=\"high\" decoding=\"async\" width=\"1024\" height=\"506\" src=\"https:\/\/elinformante.mx\/wp-content\/uploads\/2025\/08\/7horacio-2-1024x506.jpg\" alt=\"\" class=\"wp-image-91166\" srcset=\"https:\/\/elinformante.mx\/wp-content\/uploads\/2025\/08\/7horacio-2-1024x506.jpg 1024w, https:\/\/elinformante.mx\/wp-content\/uploads\/2025\/08\/7horacio-2-300x148.jpg 300w, https:\/\/elinformante.mx\/wp-content\/uploads\/2025\/08\/7horacio-2-768x379.jpg 768w, https:\/\/elinformante.mx\/wp-content\/uploads\/2025\/08\/7horacio-2.jpg 1140w\" sizes=\"(max-width: 1024px) 100vw, 1024px\" \/><\/figure>\n\n\n\n<p>\u201cDurante estos dos a\u00f1os del Gobierno de la Maestra Delfina G\u00f3mez \u00c1lvarez, se ha realizado una inversi\u00f3n cercana a los mil 500 millones de pesos para el mejoramiento de parques deportivos, espacios culturales, plazas y mercados p\u00fablicos\u201d, se\u00f1al\u00f3 Carlos Maza Lara, Secretario de Infraestructura y Desarrollo Urbano.<br><\/p>\n\n\n\n<p>En tanto, Germ\u00e1n Jalil Hern\u00e1ndez, Presidente del Consejo Coordinador Empresarial del Estado de M\u00e9xico (CCE EdoM\u00e9x) refrend\u00f3 el compromiso del sector para continuar siendo un aliado del Gobierno del Estado de M\u00e9xico para construir infraestructura que garantice el bienestar del pueblo.<br><\/p>\n\n\n\n<p>Al evento tambi\u00e9n asisti\u00f3 Francisco Cervantes D\u00edaz, Presidente del Consejo Coordinador Empresarial (CCE); Alfonso Ram\u00edrez C\u00faellar, Diputado Federal; Luis M\u00e9ndez Jaled, Presidente de la C\u00e1mara Mexicana de la Industria de la Construcci\u00f3n, y Juan Acra L\u00f3pez, Presidente del Consejo Mexicano de la Energ\u00eda.<br><\/p>\n\n\n\n<p>As\u00ed como Sandra Miranda Navarro, Presidenta del Colegio de Ingenieros Civiles del Estado de M\u00e9xico y Max El-Mann Arazi, Presidente del Comit\u00e9 Especial de Inversi\u00f3n y Relocalizaci\u00f3n de Empresas.<\/p>\n","protected":false},"excerpt":{"rendered":"<p>Se\u00f1al\u00f3 Duarte Olivares que en Edom\u00e9x se ha registrado una disminuci\u00f3n hist\u00f3rica del 14% en delitos contra las empresas. \u201cTenemos que acabar con la extorsi\u00f3n en el Estado de M\u00e9xico, no tenemos opci\u00f3n, no es disminuir, es acabar con la extorsi\u00f3n\u201d, indic\u00f3 Horacio Duarte Olivares, Secretario General de Gobierno, durante la Inauguraci\u00f3n del Foro de [&hellip;]<\/p>\n","protected":false},"author":1,"featured_media":91165,"comment_status":"closed","ping_status":"closed","sticky":false,"template":"","format":"standard","meta":{"footnotes":""},"categories":[30,36],"tags":[],"class_list":["post-91164","post","type-post","status-publish","format-standard","has-post-thumbnail","hentry","category-destacado","category-edomex"],"_links":{"self":[{"href":"https:\/\/elinformante.mx\/index.php?rest_route=\/wp\/v2\/posts\/91164","targetHints":{"allow":["GET"]}}],"collection":[{"href":"https:\/\/elinformante.mx\/index.php?rest_route=\/wp\/v2\/posts"}],"about":[{"href":"https:\/\/elinformante.mx\/index.php?rest_route=\/wp\/v2\/types\/post"}],"author":[{"embeddable":true,"href":"https:\/\/elinformante.mx\/index.php?rest_route=\/wp\/v2\/users\/1"}],"replies":[{"embeddable":true,"href":"https:\/\/elinformante.mx\/index.php?rest_route=%2Fwp%2Fv2%2Fcomments&post=91164"}],"version-history":[{"count":0,"href":"https:\/\/elinformante.mx\/index.php?rest_route=\/wp\/v2\/posts\/91164\/revisions"}],"wp:featuredmedia":[{"embeddable":true,"href":"https:\/\/elinformante.mx\/index.php?rest_route=\/wp\/v2\/media\/91165"}],"wp:attachment":[{"href":"https:\/\/elinformante.mx\/index.php?rest_route=%2Fwp%2Fv2%2Fmedia&parent=91164"}],"wp:term":[{"taxonomy":"category","embeddable":true,"href":"https:\/\/elinformante.mx\/index.php?rest_route=%2Fwp%2Fv2%2Fcategories&post=91164"},{"taxonomy":"post_tag","embeddable":true,"href":"https:\/\/elinformante.mx\/index.php?rest_route=%2Fwp%2Fv2%2Ftags&post=91164"}],"curies":[{"name":"wp","href":"https:\/\/api.w.org\/{rel}","templated":true}]}}