{"id":91171,"date":"2025-08-20T06:29:22","date_gmt":"2025-08-20T12:29:22","guid":{"rendered":"https:\/\/elinformante.mx\/?p=91171"},"modified":"2025-08-20T06:29:40","modified_gmt":"2025-08-20T12:29:40","slug":"manuel-vilchis-abandera-inicio-de-obras-en-el-barrio-de-san-miguel","status":"publish","type":"post","link":"https:\/\/elinformante.mx\/?p=91171","title":{"rendered":"Manuel Vilchis abandera inicio de obras en el Barrio de San Miguel"},"content":{"rendered":"\n<figure class=\"wp-block-pullquote\"><blockquote><p>En Zinacantepec se trabaja de manera cercana y constante para resolver las demandas que por muchos a\u00f1os hab\u00edan esperado ser escuchadas.<\/p><\/blockquote><\/figure>\n\n\n\n<p class=\"has-drop-cap\">El Gobierno de Zinacantepec, encabezado por el presidente municipal Manuel Vilchis Viveros, sigue implementando acciones a favor de la comunidad con diferentes obras, como la ha sido la pavimentaci\u00f3n de calles, de electrificaci\u00f3n y m\u00e1s, reforzando as\u00ed su compromiso con las y los zinacantepequenses.<br><\/p>\n\n\n\n<p>Manuel Vilchis encabez\u00f3 el inicio de los trabajos de obra en el Barrio de San Miguel. En el lugar, acompa\u00f1ado por su cabildo y vecinos de San Miguel, se\u00f1al\u00f3 estar muy entusiasmado por el inicio de las obras, las cuales tienen el firme proposito de transformar y que responden a las necesidades de la gente<br><\/p>\n\n\n\n<p>Afirm\u00f3 que en Zinacantepec se trabaja de manera cercana y constante para resolver las demandas de vecinas y vecinos, que por muchos a\u00f1os hab\u00edan esperado ser escuchados, cumpliendo con su compromiso de seguir transformando las comunidades para beneficio de los pobladores.<br><\/p>\n\n\n\n<figure class=\"wp-block-image size-large\"><img fetchpriority=\"high\" decoding=\"async\" width=\"1024\" height=\"506\" src=\"https:\/\/elinformante.mx\/wp-content\/uploads\/2025\/08\/8zina-4-1-1024x506.jpg\" alt=\"\" class=\"wp-image-91173\" srcset=\"https:\/\/elinformante.mx\/wp-content\/uploads\/2025\/08\/8zina-4-1-1024x506.jpg 1024w, https:\/\/elinformante.mx\/wp-content\/uploads\/2025\/08\/8zina-4-1-300x148.jpg 300w, https:\/\/elinformante.mx\/wp-content\/uploads\/2025\/08\/8zina-4-1-768x379.jpg 768w, https:\/\/elinformante.mx\/wp-content\/uploads\/2025\/08\/8zina-4-1.jpg 1140w\" sizes=\"(max-width: 1024px) 100vw, 1024px\" \/><\/figure>\n\n\n\n<p>Agradeci\u00f3 la confianza que tienen en su gobierno y reafirm\u00f3 que el trabajo que realiza a la par con los delegados presentes es el resultado de la confianza y compromiso que ellos tienen con el municipio.<br><\/p>\n\n\n\n<p>Y se comprometi\u00f3 a llevar a cada rinc\u00f3n de Zinacantepec propuestas innovadoras, que beneficien a cada uno de los pobladores, sin perder de vista lo que las familias necesitan: soluciones y respuestas.<br><\/p>\n\n\n\n<p>Al finalizar el evento, Vilchis Viveros se traslad\u00f3 al palacio municipal, donde encabez\u00f3 la Segunda Sesi\u00f3n Ordinaria del Comit\u00e9 Municipal de Prevenci\u00f3n y Control de Crecimiento Urbano de Zinacantepec.<br><\/p>\n\n\n\n<figure class=\"wp-block-image size-large\"><img decoding=\"async\" width=\"1024\" height=\"506\" src=\"https:\/\/elinformante.mx\/wp-content\/uploads\/2025\/08\/8zina-12-1024x506.jpg\" alt=\"\" class=\"wp-image-91174\" srcset=\"https:\/\/elinformante.mx\/wp-content\/uploads\/2025\/08\/8zina-12-1024x506.jpg 1024w, https:\/\/elinformante.mx\/wp-content\/uploads\/2025\/08\/8zina-12-300x148.jpg 300w, https:\/\/elinformante.mx\/wp-content\/uploads\/2025\/08\/8zina-12-768x379.jpg 768w, https:\/\/elinformante.mx\/wp-content\/uploads\/2025\/08\/8zina-12.jpg 1140w\" sizes=\"(max-width: 1024px) 100vw, 1024px\" \/><\/figure>\n\n\n\n<p>Esta sesi\u00f3n cont\u00f3 con la presencia de la Lic. Sandra Mart\u00ednez Sol\u00eds, Delegada Regional de Toluca de IMEVIS y Secretaria T\u00e9cnica del Comit\u00e9.<br><\/p>\n\n\n\n<p>Manuel Vilchis agradeci\u00f3 a todos los vocales que participaron en la sesi\u00f3n, y reafirm\u00f3 el compromiso que tiene su gobierno con el fortalecimiento de los trabajos de planeaci\u00f3n y ordenamiento en el municipio.<br><\/p>\n\n\n\n<p>\u201cCon estas acciones, refrendamos nuestra responsabilidad de impulsar un desarrollo urbano ordenado, sostenible y en beneficio de nuestras vecinas y vecinos\u201d.<\/p>\n\n\n\n<figure class=\"wp-block-image size-large\"><img decoding=\"async\" width=\"1024\" height=\"506\" src=\"https:\/\/elinformante.mx\/wp-content\/uploads\/2025\/08\/8zina-1-1024x506.jpg\" alt=\"\" class=\"wp-image-91175\" srcset=\"https:\/\/elinformante.mx\/wp-content\/uploads\/2025\/08\/8zina-1-1024x506.jpg 1024w, https:\/\/elinformante.mx\/wp-content\/uploads\/2025\/08\/8zina-1-300x148.jpg 300w, https:\/\/elinformante.mx\/wp-content\/uploads\/2025\/08\/8zina-1-768x379.jpg 768w, https:\/\/elinformante.mx\/wp-content\/uploads\/2025\/08\/8zina-1.jpg 1140w\" sizes=\"(max-width: 1024px) 100vw, 1024px\" \/><\/figure>\n","protected":false},"excerpt":{"rendered":"<p>En Zinacantepec se trabaja de manera cercana y constante para resolver las demandas que por muchos a\u00f1os hab\u00edan esperado ser escuchadas. El Gobierno de Zinacantepec, encabezado por el presidente municipal Manuel Vilchis Viveros, sigue implementando acciones a favor de la comunidad con diferentes obras, como la ha sido la pavimentaci\u00f3n de calles, de electrificaci\u00f3n y [&hellip;]<\/p>\n","protected":false},"author":1,"featured_media":91172,"comment_status":"closed","ping_status":"closed","sticky":false,"template":"","format":"standard","meta":{"footnotes":""},"categories":[30,36,31],"tags":[46],"class_list":["post-91171","post","type-post","status-publish","format-standard","has-post-thumbnail","hentry","category-destacado","category-edomex","category-portada","tag-portadaedomex"],"_links":{"self":[{"href":"https:\/\/elinformante.mx\/index.php?rest_route=\/wp\/v2\/posts\/91171","targetHints":{"allow":["GET"]}}],"collection":[{"href":"https:\/\/elinformante.mx\/index.php?rest_route=\/wp\/v2\/posts"}],"about":[{"href":"https:\/\/elinformante.mx\/index.php?rest_route=\/wp\/v2\/types\/post"}],"author":[{"embeddable":true,"href":"https:\/\/elinformante.mx\/index.php?rest_route=\/wp\/v2\/users\/1"}],"replies":[{"embeddable":true,"href":"https:\/\/elinformante.mx\/index.php?rest_route=%2Fwp%2Fv2%2Fcomments&post=91171"}],"version-history":[{"count":0,"href":"https:\/\/elinformante.mx\/index.php?rest_route=\/wp\/v2\/posts\/91171\/revisions"}],"wp:featuredmedia":[{"embeddable":true,"href":"https:\/\/elinformante.mx\/index.php?rest_route=\/wp\/v2\/media\/91172"}],"wp:attachment":[{"href":"https:\/\/elinformante.mx\/index.php?rest_route=%2Fwp%2Fv2%2Fmedia&parent=91171"}],"wp:term":[{"taxonomy":"category","embeddable":true,"href":"https:\/\/elinformante.mx\/index.php?rest_route=%2Fwp%2Fv2%2Fcategories&post=91171"},{"taxonomy":"post_tag","embeddable":true,"href":"https:\/\/elinformante.mx\/index.php?rest_route=%2Fwp%2Fv2%2Ftags&post=91171"}],"curies":[{"name":"wp","href":"https:\/\/api.w.org\/{rel}","templated":true}]}}