{"id":91177,"date":"2025-08-20T06:33:00","date_gmt":"2025-08-20T12:33:00","guid":{"rendered":"https:\/\/elinformante.mx\/?p=91177"},"modified":"2025-08-20T06:33:20","modified_gmt":"2025-08-20T12:33:20","slug":"habilita-alcaldia-benito-juarez-albergue-para-vecinos-afectados-por-explosion-en-edzna-42","status":"publish","type":"post","link":"https:\/\/elinformante.mx\/?p=91177","title":{"rendered":"Habilita alcald\u00eda Benito Ju\u00e1rez albergue para vecinos afectados por explosi\u00f3n en Edzna 42"},"content":{"rendered":"\n<figure class=\"wp-block-pullquote\"><blockquote><p>Adem\u00e1s recibir\u00e1n atenci\u00f3n m\u00e9dica y psicol\u00f3gica por parte de los Servicios de Salud con los que cuenta la alcald\u00eda.<\/p><\/blockquote><\/figure>\n\n\n\n<p class=\"has-drop-cap\">La alcald\u00eda Benito Ju\u00e1rez habilit\u00f3 el Centro para la Prevenci\u00f3n de las Violencias de G\u00e9nero hacia las Mujeres y su Empoderamiento como albergue para que los damnificados de la explosi\u00f3n, por presunta acumulaci\u00f3n de gas en el edificio de Edzna 42, Colonia Independencia, tengan un lugar para instalarse temporalmente y cuenten con los servicios b\u00e1sicos.<br><\/p>\n\n\n\n<p>\u201cLa seguridad y bienestar de las personas son nuestra prioridad, por ello realizamos el m\u00e1ximo esfuerzo para atender sus necesidades principales en estos momentos dif\u00edciles por los que atraviesan\u201d, destac\u00f3 el alcalde Luis Mendoza.<br><\/p>\n\n\n\n<p>Los 22 damnificados que aceptaron acudir al albergue podr\u00e1n ingresar de 18 a 22 horas para pernoctar y dejar\u00e1n las \u00e1reas a m\u00e1s tardar a las 12:00 horas del d\u00eda siguiente para que realicen sus actividades cotidianas y personal de la alcald\u00eda realice la limpieza de las instalaciones. Adem\u00e1s recibir\u00e1n atenci\u00f3n m\u00e9dica y psicol\u00f3gica por parte de los Servicios de Salud con los que cuenta la alcald\u00eda.<br><\/p>\n\n\n\n<p>Para la administraci\u00f3n encabezada por el alcalde Luis Mendoza, la seguridad de las personas es lo m\u00e1s importante, por ello, en coordinaci\u00f3n con la Secretar\u00eda de Vivienda y dem\u00e1s instancias del Gobierno de la Ciudad de M\u00e9xico continuar\u00e1 coadyuvando para que las familias puedan tener certeza sobre su situaci\u00f3n.<br><\/p>\n\n\n\n<p>Cabe se\u00f1alar, que desde el d\u00eda del incidente, se permiti\u00f3 el acceso al inmueble de forma controlada para que los vecinos sacaran documentos, medicamentos y art\u00edculos de primera necesidad como ropa y objetos personales.<br><\/p>\n\n\n\n<p>En tanto, la alcald\u00eda reafirma su total apoyo a las 32 familias afectadas a quienes acompa\u00f1ar\u00e1 en cada etapa de este proceso.<\/p>\n","protected":false},"excerpt":{"rendered":"<p>Adem\u00e1s recibir\u00e1n atenci\u00f3n m\u00e9dica y psicol\u00f3gica por parte de los Servicios de Salud con los que cuenta la alcald\u00eda. La alcald\u00eda Benito Ju\u00e1rez habilit\u00f3 el Centro para la Prevenci\u00f3n de las Violencias de G\u00e9nero hacia las Mujeres y su Empoderamiento como albergue para que los damnificados de la explosi\u00f3n, por presunta acumulaci\u00f3n de gas en [&hellip;]<\/p>\n","protected":false},"author":1,"featured_media":91178,"comment_status":"closed","ping_status":"closed","sticky":false,"template":"","format":"standard","meta":{"footnotes":""},"categories":[35],"tags":[],"class_list":["post-91177","post","type-post","status-publish","format-standard","has-post-thumbnail","hentry","category-cdmx"],"_links":{"self":[{"href":"https:\/\/elinformante.mx\/index.php?rest_route=\/wp\/v2\/posts\/91177","targetHints":{"allow":["GET"]}}],"collection":[{"href":"https:\/\/elinformante.mx\/index.php?rest_route=\/wp\/v2\/posts"}],"about":[{"href":"https:\/\/elinformante.mx\/index.php?rest_route=\/wp\/v2\/types\/post"}],"author":[{"embeddable":true,"href":"https:\/\/elinformante.mx\/index.php?rest_route=\/wp\/v2\/users\/1"}],"replies":[{"embeddable":true,"href":"https:\/\/elinformante.mx\/index.php?rest_route=%2Fwp%2Fv2%2Fcomments&post=91177"}],"version-history":[{"count":0,"href":"https:\/\/elinformante.mx\/index.php?rest_route=\/wp\/v2\/posts\/91177\/revisions"}],"wp:featuredmedia":[{"embeddable":true,"href":"https:\/\/elinformante.mx\/index.php?rest_route=\/wp\/v2\/media\/91178"}],"wp:attachment":[{"href":"https:\/\/elinformante.mx\/index.php?rest_route=%2Fwp%2Fv2%2Fmedia&parent=91177"}],"wp:term":[{"taxonomy":"category","embeddable":true,"href":"https:\/\/elinformante.mx\/index.php?rest_route=%2Fwp%2Fv2%2Fcategories&post=91177"},{"taxonomy":"post_tag","embeddable":true,"href":"https:\/\/elinformante.mx\/index.php?rest_route=%2Fwp%2Fv2%2Ftags&post=91177"}],"curies":[{"name":"wp","href":"https:\/\/api.w.org\/{rel}","templated":true}]}}