{"id":91223,"date":"2025-08-21T05:18:59","date_gmt":"2025-08-21T11:18:59","guid":{"rendered":"https:\/\/elinformante.mx\/?p=91223"},"modified":"2025-08-21T05:19:00","modified_gmt":"2025-08-21T11:19:00","slug":"fallece-la-abuelita-de-santa-fe-klan-y-lo-da-a-conocer-con-conmovedor-video","status":"publish","type":"post","link":"https:\/\/elinformante.mx\/?p=91223","title":{"rendered":"Fallece la abuelita de Santa Fe Klan y lo da a conocer con conmovedor video"},"content":{"rendered":"\n<figure class=\"wp-block-pullquote\"><blockquote><p>El rapero se enfrenta una dolorosa p\u00e9rdida familiar.<\/p><\/blockquote><\/figure>\n\n\n\n<p class=\"has-drop-cap\">El rapero mexicano, Santa Fe Klan comparti\u00f3 recientemente una noticia que conmovi\u00f3 a sus seguidores: el fallecimiento de su abuelita. A trav\u00e9s de su cuenta de Instagram, el rapero mostr\u00f3 el dolor que atraviesa en estos d\u00edas dif\u00edciles, publicando un video acompa\u00f1ado de un mensaje para su abuela.<br><\/p>\n\n\n\n<p>En sus historias de la misma red social, el artista public\u00f3 una imagen con un mo\u00f1o negro, una vela y la frase \u201cEn paz descanse\u201d, lo que gener\u00f3 preocupaci\u00f3n entre sus seguidores.<br><\/p>\n\n\n\n<p>Poco despu\u00e9s, confirm\u00f3 la noticia del fallecimiento con un video que conmovi\u00f3 a sus fans.<br><\/p>\n\n\n\n<p>En redes sociales el rapero escribi\u00f3 un mensaje dedicado a su abuelita, adem\u00e1s de un video en blanco y negro en donde se le ve junto a su abuela cant\u00e1ndole.<br><\/p>\n\n\n\n<p>\u201cEn paz descansa abuelita. Te extra\u00f1aremos mucho toda la familia cu\u00eddame mucho a donde vaya de todo lo malo. Le mando un abrazo a todos mis primos t\u00edos y a toda mi familia\u201d, escribi\u00f3.<br><\/p>\n\n\n\n<p>Son muchas las ocasiones que Santa Fe Klan ha demostrado lo mucho que significa su familia para \u00e9l, y esta despedida fue una muestra m\u00e1s de ese amor.<br><\/p>\n\n\n\n<p>Durante las horas siguientes a la publicaci\u00f3n, cientos de mensajes llegaron a su cuenta, la mayor\u00eda ofreciendo consuelo por la p\u00e9rdida que enfrenta.<br><\/p>\n\n\n\n<p>El mismo fin de semana en que ocurri\u00f3 la muerte de su abuelita, Santa Fe Klan fue protagonista de una tensa situaci\u00f3n junto al rapero Dharius.<br><\/p>\n\n\n\n<p>Este no es el primer episodio conflictivo en la carrera de Santa Fe Klan. Meses atr\u00e1s, tuvo tambi\u00e9n un enfrentamiento con otro exponente del rap Gera MX.<\/p>\n","protected":false},"excerpt":{"rendered":"<p>El rapero se enfrenta una dolorosa p\u00e9rdida familiar. El rapero mexicano, Santa Fe Klan comparti\u00f3 recientemente una noticia que conmovi\u00f3 a sus seguidores: el fallecimiento de su abuelita. A trav\u00e9s de su cuenta de Instagram, el rapero mostr\u00f3 el dolor que atraviesa en estos d\u00edas dif\u00edciles, publicando un video acompa\u00f1ado de un mensaje para su [&hellip;]<\/p>\n","protected":false},"author":1,"featured_media":91224,"comment_status":"closed","ping_status":"closed","sticky":false,"template":"","format":"standard","meta":{"footnotes":""},"categories":[39],"tags":[],"class_list":["post-91223","post","type-post","status-publish","format-standard","has-post-thumbnail","hentry","category-espectaculos"],"_links":{"self":[{"href":"https:\/\/elinformante.mx\/index.php?rest_route=\/wp\/v2\/posts\/91223","targetHints":{"allow":["GET"]}}],"collection":[{"href":"https:\/\/elinformante.mx\/index.php?rest_route=\/wp\/v2\/posts"}],"about":[{"href":"https:\/\/elinformante.mx\/index.php?rest_route=\/wp\/v2\/types\/post"}],"author":[{"embeddable":true,"href":"https:\/\/elinformante.mx\/index.php?rest_route=\/wp\/v2\/users\/1"}],"replies":[{"embeddable":true,"href":"https:\/\/elinformante.mx\/index.php?rest_route=%2Fwp%2Fv2%2Fcomments&post=91223"}],"version-history":[{"count":0,"href":"https:\/\/elinformante.mx\/index.php?rest_route=\/wp\/v2\/posts\/91223\/revisions"}],"wp:featuredmedia":[{"embeddable":true,"href":"https:\/\/elinformante.mx\/index.php?rest_route=\/wp\/v2\/media\/91224"}],"wp:attachment":[{"href":"https:\/\/elinformante.mx\/index.php?rest_route=%2Fwp%2Fv2%2Fmedia&parent=91223"}],"wp:term":[{"taxonomy":"category","embeddable":true,"href":"https:\/\/elinformante.mx\/index.php?rest_route=%2Fwp%2Fv2%2Fcategories&post=91223"},{"taxonomy":"post_tag","embeddable":true,"href":"https:\/\/elinformante.mx\/index.php?rest_route=%2Fwp%2Fv2%2Ftags&post=91223"}],"curies":[{"name":"wp","href":"https:\/\/api.w.org\/{rel}","templated":true}]}}