{"id":91229,"date":"2025-08-21T05:21:02","date_gmt":"2025-08-21T11:21:02","guid":{"rendered":"https:\/\/elinformante.mx\/?p=91229"},"modified":"2025-08-21T05:21:03","modified_gmt":"2025-08-21T11:21:03","slug":"podria-regresar-a-jugar-randy-arozarena-a-mexico","status":"publish","type":"post","link":"https:\/\/elinformante.mx\/?p=91229","title":{"rendered":"Podr\u00eda regresar a jugar Randy Arozarena a M\u00e9xico"},"content":{"rendered":"\n<figure class=\"wp-block-pullquote\"><blockquote><p>Se podr\u00eda unir el jardin izquierdo a la liga m\u00e1s importante de beisbol en el pa\u00eds<\/p><\/blockquote><\/figure>\n\n\n\n<p class=\"has-drop-cap\">Ya comienzan a sonar los grande nombre en este pr\u00f3ximo inicio de la Liga Mexicana del P\u00e1cifico (LMP), que se ha convertido en la justa beisbolera m\u00e1s llamativa del pa\u00eds, que adem\u00e1s de estar de regreso ha llamado la atenci\u00f3n debido a sus nuevas franquicias y estas parece que iniciar\u00e1n historia con plan grande, trayendo a grandes jugadores.<br><\/p>\n\n\n\n<p>Randy Arozarena, jardinero izquierdo de los Marineros de Seattle, aparentemente est\u00e1 en pl\u00e1ticas para llegar a la nueva franquicia de la liga, los Jaguares de Nayarit, equipo que debuta este a\u00f1o.<br><\/p>\n\n\n\n<p>Seg\u00fan H\u00e9ctor Torres Fitch, Director de Operaciones del equipo, adelant\u00f3 que ya inici\u00f3 un proceso de contacto con el mexicano, noticia que sorprendi\u00f3 a los medios y fan\u00e1ticos, ya que no se esperaba un bombazo as\u00ed para el debut del equipo.<br><\/p>\n\n\n\n<p>De llegar, el equipo novato podr\u00eda en el ojo mundial del B\u00e9isbol, ya que su ofensiva estar\u00eda en forma brutal y con Arozarena, ser\u00edan un equipo aut\u00e9nticamente peligroso esta temporada.<br><\/p>\n\n\n\n<p>En las grandes ligas, Randy lleva 24 bases con los Marineros de Seattle, siendo uno de los mejores jugadores del equipo esta campa\u00f1a, ahora, podr\u00eda regresar al pacifico luego despu\u00e9s de seis a\u00f1os.<br><\/p>\n\n\n\n<p>En caso de que se concrete la llegada del mexicano, el equipo de Jaguares tendr\u00e1 que esperar a que termine su participaci\u00f3n en Seattle de la MLB del presente a\u00f1o, para as\u00ed unirse al equipo iniciar\u00e1 pretemporada el 1 de diciembre del presente a\u00f1o.<br><\/p>\n\n\n\n<p>Otra gran noticias que dio el equipo novato, fue que adem\u00e1s de Randy, el equipo ya est\u00e1 en pl\u00e1ticas con Mariano Rivera, \u00fanico pelotero, miembro del sal\u00f3n de la fama, en llegar gracias a decisi\u00f3n un\u00e1nime.<\/p>\n","protected":false},"excerpt":{"rendered":"<p>Se podr\u00eda unir el jardin izquierdo a la liga m\u00e1s importante de beisbol en el pa\u00eds Ya comienzan a sonar los grande nombre en este pr\u00f3ximo inicio de la Liga Mexicana del P\u00e1cifico (LMP), que se ha convertido en la justa beisbolera m\u00e1s llamativa del pa\u00eds, que adem\u00e1s de estar de regreso ha llamado la [&hellip;]<\/p>\n","protected":false},"author":1,"featured_media":91230,"comment_status":"closed","ping_status":"closed","sticky":false,"template":"","format":"standard","meta":{"footnotes":""},"categories":[38],"tags":[],"class_list":["post-91229","post","type-post","status-publish","format-standard","has-post-thumbnail","hentry","category-deportes"],"_links":{"self":[{"href":"https:\/\/elinformante.mx\/index.php?rest_route=\/wp\/v2\/posts\/91229","targetHints":{"allow":["GET"]}}],"collection":[{"href":"https:\/\/elinformante.mx\/index.php?rest_route=\/wp\/v2\/posts"}],"about":[{"href":"https:\/\/elinformante.mx\/index.php?rest_route=\/wp\/v2\/types\/post"}],"author":[{"embeddable":true,"href":"https:\/\/elinformante.mx\/index.php?rest_route=\/wp\/v2\/users\/1"}],"replies":[{"embeddable":true,"href":"https:\/\/elinformante.mx\/index.php?rest_route=%2Fwp%2Fv2%2Fcomments&post=91229"}],"version-history":[{"count":0,"href":"https:\/\/elinformante.mx\/index.php?rest_route=\/wp\/v2\/posts\/91229\/revisions"}],"wp:featuredmedia":[{"embeddable":true,"href":"https:\/\/elinformante.mx\/index.php?rest_route=\/wp\/v2\/media\/91230"}],"wp:attachment":[{"href":"https:\/\/elinformante.mx\/index.php?rest_route=%2Fwp%2Fv2%2Fmedia&parent=91229"}],"wp:term":[{"taxonomy":"category","embeddable":true,"href":"https:\/\/elinformante.mx\/index.php?rest_route=%2Fwp%2Fv2%2Fcategories&post=91229"},{"taxonomy":"post_tag","embeddable":true,"href":"https:\/\/elinformante.mx\/index.php?rest_route=%2Fwp%2Fv2%2Ftags&post=91229"}],"curies":[{"name":"wp","href":"https:\/\/api.w.org\/{rel}","templated":true}]}}