{"id":91263,"date":"2025-08-21T05:45:13","date_gmt":"2025-08-21T11:45:13","guid":{"rendered":"https:\/\/elinformante.mx\/?p=91263"},"modified":"2025-08-21T05:45:23","modified_gmt":"2025-08-21T11:45:23","slug":"ieem-capacita-a-periodistas-sobre-cobertura-mediatica-con-perspectiva-de-genero","status":"publish","type":"post","link":"https:\/\/elinformante.mx\/?p=91263","title":{"rendered":"IEEM capacita a periodistas sobre cobertura medi\u00e1tica con perspectiva de g\u00e9nero"},"content":{"rendered":"\n<figure class=\"wp-block-pullquote\"><blockquote><p>-La formaci\u00f3n destac\u00f3 que la responsabilidad del periodismo en garantizar coberturas libres de estereotipos y discriminaci\u00f3n hacia las mujeres en pol\u00edtica.<\/p><\/blockquote><\/figure>\n\n\n\n<p class=\"has-drop-cap\">El Instituto Electoral del Estado de M\u00e9xico (IEEM), llev\u00f3 a cabo la capacitaci\u00f3n virtual: La Libertad de expresi\u00f3n frente a la violencia pol\u00edtica contra las mujeres en raz\u00f3n de g\u00e9nero con el objetivo de fortalecer las herramientas te\u00f3ricas de personas periodistas y creadoras de contenido para ejercer la libertad de expresi\u00f3n con enfoque de g\u00e9nero, reconociendo, visibilizando y abordando la Violencia Pol\u00edtica contra las Mujeres en Raz\u00f3n de G\u00e9nero (VPG), impartido por Luc\u00eda Lagunes Huerta, periodista, investigadora, y directora de Comunicaci\u00f3n e Informaci\u00f3n de la Mujer (CIMAC).<br><\/p>\n\n\n\n<p>Durante su participaci\u00f3n, Lagunes Huerta subray\u00f3 que, aunque M\u00e9xico ha registrado avances en materia de igualdad, la brecha entre mujeres y hombres persiste. Se\u00f1al\u00f3 que, pese al incremento de mujeres en el \u00e1mbito pol\u00edtico, los medios de comunicaci\u00f3n a\u00fan dan poca visibilidad o reproducen estereotipos y roles de g\u00e9nero, tal como lo muestran monitoreos realizados por el Instituto Nacional Electoral (INE).<br><\/p>\n\n\n\n<p>La investigadora record\u00f3 que el periodismo tiene la responsabilidad de contribuir a una sociedad m\u00e1s justa y, por ello, es indispensable ejercer una cobertura libre de discriminaci\u00f3n. Enfatiz\u00f3 que, si bien el art\u00edculo 13 de la Convenci\u00f3n Americana sobre Derechos Humanos garantiza la libertad de expresi\u00f3n, tambi\u00e9n debe garantizarse el derecho de las mujeres a vivir libres de violencias, lo que exige reflexionar sobre la forma en que se construyen los mensajes en los medios.<br><\/p>\n\n\n\n<p>En este sentido, comparti\u00f3 con las y los asistentes conceptos clave sobre la VPG y emiti\u00f3 diversas recomendaciones para una cobertura medi\u00e1tica electoral responsable y con perspectiva de g\u00e9nero. Entre ellas: conocer la normatividad en materia de paridad, visibilizar en qu\u00e9 espacios se desempe\u00f1an mujeres y hombres, desagregar datos por sexo y preguntarnos \u00bfA qui\u00e9nes se les conceden papeles protag\u00f3nicos?<br><\/p>\n\n\n\n<p>Destac\u00f3 la necesidad de reconocer la VPG como una falta a los Derechos Humanos de las mujeres y una expresi\u00f3n de desigualdad, a fin de visibilizar su impacto tanto en su vida como en la democracia del pa\u00eds. Finalmente, invit\u00f3 a periodistas a cuestionar a candidatas y candidatos no solo sobre sus proyectos pol\u00edticos, sino tambi\u00e9n sobre el lugar que ocupan las mujeres en ellos y las acciones concretas que emprender\u00e1n para impulsar la igualdad de g\u00e9nero.<br><\/p>\n\n\n\n<p>Con esta capacitaci\u00f3n, el IEEM refrenda su compromiso de impulsar entornos seguros y libres de violencia para las mujeres que participan en la vida p\u00fablica, as\u00ed como de promover un periodismo responsable y con perspectiva de g\u00e9nero.<\/p>\n","protected":false},"excerpt":{"rendered":"<p>-La formaci\u00f3n destac\u00f3 que la responsabilidad del periodismo en garantizar coberturas libres de estereotipos y discriminaci\u00f3n hacia las mujeres en pol\u00edtica. El Instituto Electoral del Estado de M\u00e9xico (IEEM), llev\u00f3 a cabo la capacitaci\u00f3n virtual: La Libertad de expresi\u00f3n frente a la violencia pol\u00edtica contra las mujeres en raz\u00f3n de g\u00e9nero con el objetivo de [&hellip;]<\/p>\n","protected":false},"author":1,"featured_media":91264,"comment_status":"closed","ping_status":"closed","sticky":false,"template":"","format":"standard","meta":{"footnotes":""},"categories":[36],"tags":[],"class_list":["post-91263","post","type-post","status-publish","format-standard","has-post-thumbnail","hentry","category-edomex"],"_links":{"self":[{"href":"https:\/\/elinformante.mx\/index.php?rest_route=\/wp\/v2\/posts\/91263","targetHints":{"allow":["GET"]}}],"collection":[{"href":"https:\/\/elinformante.mx\/index.php?rest_route=\/wp\/v2\/posts"}],"about":[{"href":"https:\/\/elinformante.mx\/index.php?rest_route=\/wp\/v2\/types\/post"}],"author":[{"embeddable":true,"href":"https:\/\/elinformante.mx\/index.php?rest_route=\/wp\/v2\/users\/1"}],"replies":[{"embeddable":true,"href":"https:\/\/elinformante.mx\/index.php?rest_route=%2Fwp%2Fv2%2Fcomments&post=91263"}],"version-history":[{"count":0,"href":"https:\/\/elinformante.mx\/index.php?rest_route=\/wp\/v2\/posts\/91263\/revisions"}],"wp:featuredmedia":[{"embeddable":true,"href":"https:\/\/elinformante.mx\/index.php?rest_route=\/wp\/v2\/media\/91264"}],"wp:attachment":[{"href":"https:\/\/elinformante.mx\/index.php?rest_route=%2Fwp%2Fv2%2Fmedia&parent=91263"}],"wp:term":[{"taxonomy":"category","embeddable":true,"href":"https:\/\/elinformante.mx\/index.php?rest_route=%2Fwp%2Fv2%2Fcategories&post=91263"},{"taxonomy":"post_tag","embeddable":true,"href":"https:\/\/elinformante.mx\/index.php?rest_route=%2Fwp%2Fv2%2Ftags&post=91263"}],"curies":[{"name":"wp","href":"https:\/\/api.w.org\/{rel}","templated":true}]}}