{"id":91270,"date":"2025-08-21T05:51:35","date_gmt":"2025-08-21T11:51:35","guid":{"rendered":"https:\/\/elinformante.mx\/?p=91270"},"modified":"2025-08-21T05:51:36","modified_gmt":"2025-08-21T11:51:36","slug":"san-mateo-atenco-tiene-buenos-resultados-en-seguridad-y-proteccion-civil-ana-muniz","status":"publish","type":"post","link":"https:\/\/elinformante.mx\/?p=91270","title":{"rendered":"San Mateo Atenco tiene buenos resultados en seguridad y protecci\u00f3n civil: Ana Mu\u00f1iz"},"content":{"rendered":"\n<figure class=\"wp-block-pullquote\"><blockquote><p>Se\u00f1al\u00f3 que gracias a la coordinaci\u00f3n entre autoridades y Centros de Mando municipales el Valle de Toluca se encuentra m\u00e1s protegido.<\/p><\/blockquote><\/figure>\n\n\n\n<p class=\"has-drop-cap\">La presidenta municipal de San Mateo Atenco, Ana Mu\u00f1iz Neyra, se\u00f1al\u00f3 que su gobierno se encuentra trabajando en un enfoque integral de prevenci\u00f3n y bienestar; estos han logrado un enorme avance en los logros en materia de seguridad p\u00fablica que han logrado cumplir con el compromiso de su gobierno con la tranquilidad de las familias atenquenses.<br><\/p>\n\n\n\n<p>Mu\u00f1iz Neyra destac\u00f3 el enorme trabajo coordinado entre los tres \u00f3rdenes de gobierno, gracias al cual, de acuerdo con datos del Secretariado Ejecutivo del Sistema Estatal de Seguridad, San Mateo Atenco se ha colocado entre los 13 municipios m\u00e1s seguros del Estado de M\u00e9xico.<br><\/p>\n\n\n\n<p>Se\u00f1al\u00f3 que San Mateo Atenco ha tenido una reducci\u00f3n en los \u00edndices de delitos de alto impacto del 28%, adem\u00e1s se ha demostrado la efectividad de los operativos intermunicipales permanentes con la participaci\u00f3n de la Polic\u00eda Estatal; como lo ha sido la desarticulaci\u00f3n de bandas delictivas.<br><\/p>\n\n\n\n<figure class=\"wp-block-image size-large\"><img fetchpriority=\"high\" decoding=\"async\" width=\"1024\" height=\"506\" src=\"https:\/\/elinformante.mx\/wp-content\/uploads\/2025\/08\/8ana-2-1024x506.jpg\" alt=\"\" class=\"wp-image-91272\" srcset=\"https:\/\/elinformante.mx\/wp-content\/uploads\/2025\/08\/8ana-2-1024x506.jpg 1024w, https:\/\/elinformante.mx\/wp-content\/uploads\/2025\/08\/8ana-2-300x148.jpg 300w, https:\/\/elinformante.mx\/wp-content\/uploads\/2025\/08\/8ana-2-768x379.jpg 768w, https:\/\/elinformante.mx\/wp-content\/uploads\/2025\/08\/8ana-2.jpg 1140w\" sizes=\"(max-width: 1024px) 100vw, 1024px\" \/><\/figure>\n\n\n\n<p>Mencion\u00f3 que el Modelo AHORA, ha logrado grandes resultados, ya que al ser una estrategia pionera en el municipio, se combate la violencia hacia las ni\u00f1as y las mujeres. Recalc\u00f3 que gracias a este modelo se han atendido 150 medidas de protecci\u00f3n y 127 v\u00edctimas cuentan con la Alerta AHORA; en este momento no se ha reportado ning\u00fan caso en \u201crojo\u201d del sem\u00e1foro que mide el grado de riesgo que corren las personas que han reportado ser v\u00edctimas de violencia de g\u00e9nero.<br><\/p>\n\n\n\n<p>Mu\u00f1iz Neyra tambi\u00e9n agradeci\u00f3 y reconoci\u00f3 el respaldo que el municipio ha recibido por parte de la Secretar\u00eda de la Defensa Nacional, de la Guardia Nacional, de la Conagua y la Comisi\u00f3n del Agua del Estado de M\u00e9xico, tras las intensas lluvias ocurridas el pasado 2 de junio; destac\u00f3 que fuera de ese evento el municipio no ha registrado mayores estragos en esta temporada de lluvias.<br><\/p>\n\n\n\n<p>Se\u00f1al\u00f3 que tras las sesiones con los consejos municipales de Seguridad P\u00fablica y de Protecci\u00f3n Civil, Mu\u00f1iz Neyra estableci\u00f3 como acciones prioritarias: continuar la instalaci\u00f3n de nuevos puntos de monitoreo inteligente para reforzar el sistema de videovigilancia, la capacitaci\u00f3n en materia de protecci\u00f3n civil en las plazas y talleres de calzado; el seguimiento a los protocolos de prevenci\u00f3n de inundaciones y el fortalecimiento de la colaboraci\u00f3n interinstitucional.<br><\/p>\n\n\n\n<p>Finalmente, la alcaldesa Mu\u00f1iz Neyra convoc\u00f3 a la ciudadan\u00eda a denunciar formalmente los delitos y a sumarse como portavoz de las acciones municipales porque en San Mateo Atenco la prevenci\u00f3n, la seguridad y la protecci\u00f3n civil caminan de la mano. \u201cAqu\u00ed estamos unidos por la seguridad y la vida\u201d<\/p>\n","protected":false},"excerpt":{"rendered":"<p>Se\u00f1al\u00f3 que gracias a la coordinaci\u00f3n entre autoridades y Centros de Mando municipales el Valle de Toluca se encuentra m\u00e1s protegido. La presidenta municipal de San Mateo Atenco, Ana Mu\u00f1iz Neyra, se\u00f1al\u00f3 que su gobierno se encuentra trabajando en un enfoque integral de prevenci\u00f3n y bienestar; estos han logrado un enorme avance en los logros [&hellip;]<\/p>\n","protected":false},"author":1,"featured_media":91271,"comment_status":"closed","ping_status":"closed","sticky":false,"template":"","format":"standard","meta":{"footnotes":""},"categories":[36],"tags":[],"class_list":["post-91270","post","type-post","status-publish","format-standard","has-post-thumbnail","hentry","category-edomex"],"_links":{"self":[{"href":"https:\/\/elinformante.mx\/index.php?rest_route=\/wp\/v2\/posts\/91270","targetHints":{"allow":["GET"]}}],"collection":[{"href":"https:\/\/elinformante.mx\/index.php?rest_route=\/wp\/v2\/posts"}],"about":[{"href":"https:\/\/elinformante.mx\/index.php?rest_route=\/wp\/v2\/types\/post"}],"author":[{"embeddable":true,"href":"https:\/\/elinformante.mx\/index.php?rest_route=\/wp\/v2\/users\/1"}],"replies":[{"embeddable":true,"href":"https:\/\/elinformante.mx\/index.php?rest_route=%2Fwp%2Fv2%2Fcomments&post=91270"}],"version-history":[{"count":0,"href":"https:\/\/elinformante.mx\/index.php?rest_route=\/wp\/v2\/posts\/91270\/revisions"}],"wp:featuredmedia":[{"embeddable":true,"href":"https:\/\/elinformante.mx\/index.php?rest_route=\/wp\/v2\/media\/91271"}],"wp:attachment":[{"href":"https:\/\/elinformante.mx\/index.php?rest_route=%2Fwp%2Fv2%2Fmedia&parent=91270"}],"wp:term":[{"taxonomy":"category","embeddable":true,"href":"https:\/\/elinformante.mx\/index.php?rest_route=%2Fwp%2Fv2%2Fcategories&post=91270"},{"taxonomy":"post_tag","embeddable":true,"href":"https:\/\/elinformante.mx\/index.php?rest_route=%2Fwp%2Fv2%2Ftags&post=91270"}],"curies":[{"name":"wp","href":"https:\/\/api.w.org\/{rel}","templated":true}]}}