{"id":91274,"date":"2025-08-21T05:54:51","date_gmt":"2025-08-21T11:54:51","guid":{"rendered":"https:\/\/elinformante.mx\/?p=91274"},"modified":"2025-08-21T05:55:12","modified_gmt":"2025-08-21T11:55:12","slug":"en-edomex-1-9-millones-de-personas-superan-la-pobreza-inegi-y-cieps","status":"publish","type":"post","link":"https:\/\/elinformante.mx\/?p=91274","title":{"rendered":"En Edom\u00e9x 1.9 millones de personas superan la pobreza: INEGI y CIEPS"},"content":{"rendered":"\n<figure class=\"wp-block-pullquote\"><blockquote><p>-M\u00e1s de 900 mil mujeres mejoraron sus condiciones de vida; 375 mil personas superaron la pobreza extrema.<\/p><\/blockquote><\/figure>\n\n\n\n<p class=\"has-drop-cap\">La pol\u00edtica social impulsada por el Gobierno de la Maestra Delfina G\u00f3mez \u00c1lvarez ha permitido que 1.9 millones de mexiquenses salieran de la pobreza entre 2022 y 2024, lo que representa una reducci\u00f3n de 11.7 puntos porcentuales, de acuerdo con el Instituto Nacional de Estad\u00edstica y Geograf\u00eda (INEGI).<br><\/p>\n\n\n\n<p>Estas cifras, obtenidas a trav\u00e9s de la Encuesta de Medici\u00f3n Multidimensional de la Pobreza 2024, confirman las estimaciones previas del Consejo de Investigaci\u00f3n y Evaluaci\u00f3n de la Pol\u00edtica Social (CIEPS), que ya anticipaba mejoras sustanciales en los indicadores de bienestar y carencias sociales en la entidad.<br><\/p>\n\n\n\n<p>El reporte oficial tambi\u00e9n subraya que 375 mil mexiquenses dejaron la pobreza extrema, reflejo de las acciones emprendidas por la administraci\u00f3n estatal para mejorar la calidad de vida de la poblaci\u00f3n.<br><\/p>\n\n\n\n<p>Asimismo, las seis carencias sociales evaluadas \u2014rezago educativo, acceso a servicios de salud, acceso a seguridad social, calidad y espacios de vivienda, acceso a servicios b\u00e1sicos en la vivienda, y acceso a alimentaci\u00f3n nutritiva y de calidad\u2014 registraron reducciones. La m\u00e1s destacada fue en el acceso a la alimentaci\u00f3n, con una baja de 5.7 puntos porcentuales.<br><\/p>\n\n\n\n<p>Entre los sectores con mayores avances destaca la poblaci\u00f3n femenina: m\u00e1s de 907 mil mujeres salieron de la pobreza, de las cuales 177 mil 481 dejaron la pobreza extrema. Adem\u00e1s, 510 mil mujeres superaron la carencia alimentaria, con una disminuci\u00f3n de 6.1 puntos porcentuales en este rubro.<\/p>\n","protected":false},"excerpt":{"rendered":"<p>-M\u00e1s de 900 mil mujeres mejoraron sus condiciones de vida; 375 mil personas superaron la pobreza extrema. La pol\u00edtica social impulsada por el Gobierno de la Maestra Delfina G\u00f3mez \u00c1lvarez ha permitido que 1.9 millones de mexiquenses salieran de la pobreza entre 2022 y 2024, lo que representa una reducci\u00f3n de 11.7 puntos porcentuales, de [&hellip;]<\/p>\n","protected":false},"author":1,"featured_media":91275,"comment_status":"closed","ping_status":"closed","sticky":false,"template":"","format":"standard","meta":{"footnotes":""},"categories":[30,36],"tags":[],"class_list":["post-91274","post","type-post","status-publish","format-standard","has-post-thumbnail","hentry","category-destacado","category-edomex"],"_links":{"self":[{"href":"https:\/\/elinformante.mx\/index.php?rest_route=\/wp\/v2\/posts\/91274","targetHints":{"allow":["GET"]}}],"collection":[{"href":"https:\/\/elinformante.mx\/index.php?rest_route=\/wp\/v2\/posts"}],"about":[{"href":"https:\/\/elinformante.mx\/index.php?rest_route=\/wp\/v2\/types\/post"}],"author":[{"embeddable":true,"href":"https:\/\/elinformante.mx\/index.php?rest_route=\/wp\/v2\/users\/1"}],"replies":[{"embeddable":true,"href":"https:\/\/elinformante.mx\/index.php?rest_route=%2Fwp%2Fv2%2Fcomments&post=91274"}],"version-history":[{"count":0,"href":"https:\/\/elinformante.mx\/index.php?rest_route=\/wp\/v2\/posts\/91274\/revisions"}],"wp:featuredmedia":[{"embeddable":true,"href":"https:\/\/elinformante.mx\/index.php?rest_route=\/wp\/v2\/media\/91275"}],"wp:attachment":[{"href":"https:\/\/elinformante.mx\/index.php?rest_route=%2Fwp%2Fv2%2Fmedia&parent=91274"}],"wp:term":[{"taxonomy":"category","embeddable":true,"href":"https:\/\/elinformante.mx\/index.php?rest_route=%2Fwp%2Fv2%2Fcategories&post=91274"},{"taxonomy":"post_tag","embeddable":true,"href":"https:\/\/elinformante.mx\/index.php?rest_route=%2Fwp%2Fv2%2Ftags&post=91274"}],"curies":[{"name":"wp","href":"https:\/\/api.w.org\/{rel}","templated":true}]}}